{"id":4663,"date":"2021-11-09T08:57:18","date_gmt":"2021-11-09T07:57:18","guid":{"rendered":"https:\/\/agora.xtec.cat\/ceip-torre-llauder-mataro\/?p=4663"},"modified":"2021-11-09T08:57:18","modified_gmt":"2021-11-09T07:57:18","slug":"joc-simbolic-p3","status":"publish","type":"post","link":"https:\/\/agora.xtec.cat\/ceip-torre-llauder-mataro\/infantil\/joc-simbolic-p3\/","title":{"rendered":"JOC SIMB\u00d2LIC P3"},"content":{"rendered":"<p>El joc \u00e9s una part b\u00e0sica de l&#8217;aprenentatge, en els racons de joc simb\u00f2lic dels divendres a la tarda els nens i nenes, imitant situacions quotidianes i properes, aprenen a organitzar-se, a compartir, desenvolupen el seu llenguatge de manera significativa i gaudeixen amb el material i els companys\/es. Tenen al seu abast cotxes, nines, supermercat, rac\u00f3 de metges, de circ i de disfresses<span style=\"font-family: inherit; font-size: 1em;\">, de perruqueria i de restaurant, de llum&#8230;. Propostes que aniran variant al llarg del trimestre.<\/span><\/p>\n<p>Mireu quan han apr\u00e9s i jugat durant aquests mesos:<\/p>\n<p><a href=\"https:\/\/photos.app.goo.gl\/49gjypGHYeXqUcSR6\">JOC SIMB\u00d2LIC P3<\/a><\/p>\n","protected":false},"excerpt":{"rendered":"<p>El joc \u00e9s una part b\u00e0sica de l&#8217;aprenentatge, en els racons de joc simb\u00f2lic dels divendres a la tarda els nens i nenes, imitant situacions quotidianes i properes, aprenen a organitzar-se, a compartir, desenvolupen el seu llenguatge de manera significativa i gaudeixen amb el material&hellip;  <a href=\"https:\/\/agora.xtec.cat\/ceip-torre-llauder-mataro\/infantil\/joc-simbolic-p3\/\" title=\"Read JOC SIMB\u00d2LIC P3\">Llegeix m\u00e9s\u00bb<\/a><\/p>\n","protected":false},"author":21,"featured_media":0,"comment_status":"open","ping_status":"closed","sticky":false,"template":"","format":"standard","meta":{"_bbp_topic_count":0,"_bbp_reply_count":0,"_bbp_total_topic_count":0,"_bbp_total_reply_count":0,"_bbp_voice_count":0,"_bbp_anonymous_reply_count":0,"_bbp_topic_count_hidden":0,"_bbp_reply_count_hidden":0,"_bbp_forum_subforum_count":0,"footnotes":""},"categories":[83,2],"tags":[],"class_list":["post-4663","post","type-post","status-publish","format-standard","hentry","category-i3","category-infantil"],"post_mailing_queue_ids":[],"_links":{"self":[{"href":"https:\/\/agora.xtec.cat\/ceip-torre-llauder-mataro\/wp-json\/wp\/v2\/posts\/4663","targetHints":{"allow":["GET"]}}],"collection":[{"href":"https:\/\/agora.xtec.cat\/ceip-torre-llauder-mataro\/wp-json\/wp\/v2\/posts"}],"about":[{"href":"https:\/\/agora.xtec.cat\/ceip-torre-llauder-mataro\/wp-json\/wp\/v2\/types\/post"}],"author":[{"embeddable":true,"href":"https:\/\/agora.xtec.cat\/ceip-torre-llauder-mataro\/wp-json\/wp\/v2\/users\/21"}],"replies":[{"embeddable":true,"href":"https:\/\/agora.xtec.cat\/ceip-torre-llauder-mataro\/wp-json\/wp\/v2\/comments?post=4663"}],"version-history":[{"count":2,"href":"https:\/\/agora.xtec.cat\/ceip-torre-llauder-mataro\/wp-json\/wp\/v2\/posts\/4663\/revisions"}],"predecessor-version":[{"id":4734,"href":"https:\/\/agora.xtec.cat\/ceip-torre-llauder-mataro\/wp-json\/wp\/v2\/posts\/4663\/revisions\/4734"}],"wp:attachment":[{"href":"https:\/\/agora.xtec.cat\/ceip-torre-llauder-mataro\/wp-json\/wp\/v2\/media?parent=4663"}],"wp:term":[{"taxonomy":"category","embeddable":true,"href":"https:\/\/agora.xtec.cat\/ceip-torre-llauder-mataro\/wp-json\/wp\/v2\/categories?post=4663"},{"taxonomy":"post_tag","embeddable":true,"href":"https:\/\/agora.xtec.cat\/ceip-torre-llauder-mataro\/wp-json\/wp\/v2\/tags?post=4663"}],"curies":[{"name":"wp","href":"https:\/\/api.w.org\/{rel}","templated":true}]}}