{"id":4659,"date":"2021-10-19T11:34:18","date_gmt":"2021-10-19T09:34:18","guid":{"rendered":"https:\/\/agora.xtec.cat\/ceip-torre-llauder-mataro\/?p=4659"},"modified":"2021-10-19T11:34:18","modified_gmt":"2021-10-19T09:34:18","slug":"experimentacio-p3","status":"publish","type":"post","link":"https:\/\/agora.xtec.cat\/ceip-torre-llauder-mataro\/infantil\/experimentacio-p3\/","title":{"rendered":"EXPERIMENTACI\u00d3 P3"},"content":{"rendered":"<p>Bon dia, fam\u00edlies!! Us passem 4 fant\u00e0stiques sessions d&#8217;experimentaci\u00f3 d&#8217;aquestes primeres setmanes. Una amb el cacau en pols (quina bona olor!!), la seg\u00fcent amb taps (on han classificat, comparat mides i colors, constru\u00eft i imaginat&#8230;.), una altre amb pinces, teles i llanes (on han pogut treballar entre d&#8217;altres coses la psicomotricitat fina) i la darrera amb sucre i farina, on, a m\u00e9s de treballar com aut\u00e8ntics cient\u00edfics i cient\u00edfiques, han pogut comparar les textures suaus i rugoses.<\/p>\n<p><a href=\"https:\/\/photos.app.goo.gl\/TnmYSzRcvRTBLxam6\">EXPERIMENTACI\u00d3 P3<\/a><\/p>\n","protected":false},"excerpt":{"rendered":"<p>Bon dia, fam\u00edlies!! Us passem 4 fant\u00e0stiques sessions d&#8217;experimentaci\u00f3 d&#8217;aquestes primeres setmanes. Una amb el cacau en pols (quina bona olor!!), la seg\u00fcent amb taps (on han classificat, comparat mides i colors, constru\u00eft i imaginat&#8230;.), una altre amb pinces, teles i llanes (on han pogut&hellip;  <a href=\"https:\/\/agora.xtec.cat\/ceip-torre-llauder-mataro\/infantil\/experimentacio-p3\/\" title=\"Read EXPERIMENTACI\u00d3 P3\">Llegeix m\u00e9s\u00bb<\/a><\/p>\n","protected":false},"author":21,"featured_media":0,"comment_status":"open","ping_status":"closed","sticky":false,"template":"","format":"standard","meta":{"_bbp_topic_count":0,"_bbp_reply_count":0,"_bbp_total_topic_count":0,"_bbp_total_reply_count":0,"_bbp_voice_count":0,"_bbp_anonymous_reply_count":0,"_bbp_topic_count_hidden":0,"_bbp_reply_count_hidden":0,"_bbp_forum_subforum_count":0,"footnotes":""},"categories":[83,2],"tags":[],"class_list":["post-4659","post","type-post","status-publish","format-standard","hentry","category-i3","category-infantil"],"post_mailing_queue_ids":[],"_links":{"self":[{"href":"https:\/\/agora.xtec.cat\/ceip-torre-llauder-mataro\/wp-json\/wp\/v2\/posts\/4659","targetHints":{"allow":["GET"]}}],"collection":[{"href":"https:\/\/agora.xtec.cat\/ceip-torre-llauder-mataro\/wp-json\/wp\/v2\/posts"}],"about":[{"href":"https:\/\/agora.xtec.cat\/ceip-torre-llauder-mataro\/wp-json\/wp\/v2\/types\/post"}],"author":[{"embeddable":true,"href":"https:\/\/agora.xtec.cat\/ceip-torre-llauder-mataro\/wp-json\/wp\/v2\/users\/21"}],"replies":[{"embeddable":true,"href":"https:\/\/agora.xtec.cat\/ceip-torre-llauder-mataro\/wp-json\/wp\/v2\/comments?post=4659"}],"version-history":[{"count":1,"href":"https:\/\/agora.xtec.cat\/ceip-torre-llauder-mataro\/wp-json\/wp\/v2\/posts\/4659\/revisions"}],"predecessor-version":[{"id":4660,"href":"https:\/\/agora.xtec.cat\/ceip-torre-llauder-mataro\/wp-json\/wp\/v2\/posts\/4659\/revisions\/4660"}],"wp:attachment":[{"href":"https:\/\/agora.xtec.cat\/ceip-torre-llauder-mataro\/wp-json\/wp\/v2\/media?parent=4659"}],"wp:term":[{"taxonomy":"category","embeddable":true,"href":"https:\/\/agora.xtec.cat\/ceip-torre-llauder-mataro\/wp-json\/wp\/v2\/categories?post=4659"},{"taxonomy":"post_tag","embeddable":true,"href":"https:\/\/agora.xtec.cat\/ceip-torre-llauder-mataro\/wp-json\/wp\/v2\/tags?post=4659"}],"curies":[{"name":"wp","href":"https:\/\/api.w.org\/{rel}","templated":true}]}}