{"id":4656,"date":"2021-10-18T18:04:06","date_gmt":"2021-10-18T16:04:06","guid":{"rendered":"https:\/\/agora.xtec.cat\/ceip-torre-llauder-mataro\/?p=4656"},"modified":"2021-10-19T11:39:56","modified_gmt":"2021-10-19T09:39:56","slug":"la-tardor-pissarra-digital","status":"publish","type":"post","link":"https:\/\/agora.xtec.cat\/ceip-torre-llauder-mataro\/infantil\/la-tardor-pissarra-digital\/","title":{"rendered":"La Tardor (pissarra digital)"},"content":{"rendered":"<p>Hola fam\u00edlies,<\/p>\n<p>Avui a inform\u00e0tica hem fet activitats relacionades amb la tardor a la pissarra digital.\u00a0 Hem fet trencaclosques, memories, hem comptat fulles, bolets, arbres, etc. Ens ho hem passat molt b\u00e9! Podeu veure les fotografies tot clicant a l&#8217;enlla\u00e7 seg\u00fcent.\u00a0 \u2b07\ufe0f\u2b07\ufe0f<\/p>\n<p style=\"text-align: left;\"><a href=\"https:\/\/photos.app.goo.gl\/zoAdFoNm2eb3UbaA7\">Fotografies pissarra digital<\/a><\/p>\n","protected":false},"excerpt":{"rendered":"<p>Hola fam\u00edlies,<br \/>\nAvui a inform\u00e0tica hem fet activitats relacionades amb la tardor a la pissarra digital.\u00a0 Hem fet trencaclosques, memories, hem comptat fulles, bolets, arbres, etc. Ens ho hem passat molt b\u00e9! Podeu veure les fotografies tot clicant a l&#8217;enlla\u00e7 seg\u00fcent.\u00a0 \u2b07\ufe0f\u2b07\ufe0f<br \/>\n<a href=\"https:\/\/photos.app.goo.gl\/zoAdFoNm2eb3UbaA7\">Fotografies pissarra digital<\/a><\/p>\n","protected":false},"author":10,"featured_media":0,"comment_status":"open","ping_status":"closed","sticky":false,"template":"","format":"standard","meta":{"_bbp_topic_count":0,"_bbp_reply_count":0,"_bbp_total_topic_count":0,"_bbp_total_reply_count":0,"_bbp_voice_count":0,"_bbp_anonymous_reply_count":0,"_bbp_topic_count_hidden":0,"_bbp_reply_count_hidden":0,"_bbp_forum_subforum_count":0,"footnotes":""},"categories":[8,2],"tags":[],"class_list":["post-4656","post","type-post","status-publish","format-standard","hentry","category-i5","category-infantil"],"post_mailing_queue_ids":[],"_links":{"self":[{"href":"https:\/\/agora.xtec.cat\/ceip-torre-llauder-mataro\/wp-json\/wp\/v2\/posts\/4656","targetHints":{"allow":["GET"]}}],"collection":[{"href":"https:\/\/agora.xtec.cat\/ceip-torre-llauder-mataro\/wp-json\/wp\/v2\/posts"}],"about":[{"href":"https:\/\/agora.xtec.cat\/ceip-torre-llauder-mataro\/wp-json\/wp\/v2\/types\/post"}],"author":[{"embeddable":true,"href":"https:\/\/agora.xtec.cat\/ceip-torre-llauder-mataro\/wp-json\/wp\/v2\/users\/10"}],"replies":[{"embeddable":true,"href":"https:\/\/agora.xtec.cat\/ceip-torre-llauder-mataro\/wp-json\/wp\/v2\/comments?post=4656"}],"version-history":[{"count":3,"href":"https:\/\/agora.xtec.cat\/ceip-torre-llauder-mataro\/wp-json\/wp\/v2\/posts\/4656\/revisions"}],"predecessor-version":[{"id":4662,"href":"https:\/\/agora.xtec.cat\/ceip-torre-llauder-mataro\/wp-json\/wp\/v2\/posts\/4656\/revisions\/4662"}],"wp:attachment":[{"href":"https:\/\/agora.xtec.cat\/ceip-torre-llauder-mataro\/wp-json\/wp\/v2\/media?parent=4656"}],"wp:term":[{"taxonomy":"category","embeddable":true,"href":"https:\/\/agora.xtec.cat\/ceip-torre-llauder-mataro\/wp-json\/wp\/v2\/categories?post=4656"},{"taxonomy":"post_tag","embeddable":true,"href":"https:\/\/agora.xtec.cat\/ceip-torre-llauder-mataro\/wp-json\/wp\/v2\/tags?post=4656"}],"curies":[{"name":"wp","href":"https:\/\/api.w.org\/{rel}","templated":true}]}}