{"id":4631,"date":"2021-10-15T21:45:04","date_gmt":"2021-10-15T19:45:04","guid":{"rendered":"https:\/\/agora.xtec.cat\/ceip-torre-llauder-mataro\/?p=4631"},"modified":"2021-10-15T21:45:04","modified_gmt":"2021-10-15T19:45:04","slug":"la-bruixa-lletruda-3","status":"publish","type":"post","link":"https:\/\/agora.xtec.cat\/ceip-torre-llauder-mataro\/general\/la-bruixa-lletruda-3\/","title":{"rendered":"La bruixa lletruda"},"content":{"rendered":"<p>Com ja sabeu&#8230;. A p5, fa uns dies va arribar un paquet de correus molt especial, que li va donar el carter al Joan. Era una caixa m\u00e0gica de la bruixa lletruda.<\/p>\n<p>Ens explicava que quan veia preparats als nens i nenes d&#8217;una escola, per comen\u00e7ar a aprendre l&#8217;escriptura en lletra lligada, els hi deixava un regal. Ens va dir que cada setmana ens portar\u00e0 una lletra perqu\u00e8 aprenguem a escriure-la amb lletra lligada. Estem molt emocionats i emocionades!<\/p>\n<p>A les imatges podeu veure com fem una sessi\u00f3 de desdoblament de llengua practicant el tra\u00e7 d&#8217;una lletra, amb diferents t\u00e8cniques. Aix\u00ed com una sessi\u00f3 d&#8217;experimentaci\u00f3 on la bruixa ens va portar tinta invisible i vam poder practicar amb la lletra.<\/p>\n<p><a href=\"https:\/\/photos.app.goo.gl\/pLDxSwgp3FPfWKf28\">Fotos bruixa lletruda<\/a><\/p>\n","protected":false},"excerpt":{"rendered":"<p>Com ja sabeu&#8230;. A p5, fa uns dies va arribar un paquet de correus molt especial, que li va donar el carter al Joan. Era una caixa m\u00e0gica de la bruixa lletruda.<br \/>\nEns explicava que quan veia preparats als nens i nenes d&#8217;una escola, per comen\u00e7ar&hellip;  <a href=\"https:\/\/agora.xtec.cat\/ceip-torre-llauder-mataro\/general\/la-bruixa-lletruda-3\/\" title=\"Read La bruixa lletruda\">Llegeix m\u00e9s\u00bb<\/a><\/p>\n","protected":false},"author":7,"featured_media":0,"comment_status":"open","ping_status":"closed","sticky":false,"template":"","format":"standard","meta":{"_bbp_topic_count":0,"_bbp_reply_count":0,"_bbp_total_topic_count":0,"_bbp_total_reply_count":0,"_bbp_voice_count":0,"_bbp_anonymous_reply_count":0,"_bbp_topic_count_hidden":0,"_bbp_reply_count_hidden":0,"_bbp_forum_subforum_count":0,"footnotes":""},"categories":[1,8,2],"tags":[],"class_list":["post-4631","post","type-post","status-publish","format-standard","hentry","category-general","category-i5","category-infantil"],"post_mailing_queue_ids":[],"_links":{"self":[{"href":"https:\/\/agora.xtec.cat\/ceip-torre-llauder-mataro\/wp-json\/wp\/v2\/posts\/4631","targetHints":{"allow":["GET"]}}],"collection":[{"href":"https:\/\/agora.xtec.cat\/ceip-torre-llauder-mataro\/wp-json\/wp\/v2\/posts"}],"about":[{"href":"https:\/\/agora.xtec.cat\/ceip-torre-llauder-mataro\/wp-json\/wp\/v2\/types\/post"}],"author":[{"embeddable":true,"href":"https:\/\/agora.xtec.cat\/ceip-torre-llauder-mataro\/wp-json\/wp\/v2\/users\/7"}],"replies":[{"embeddable":true,"href":"https:\/\/agora.xtec.cat\/ceip-torre-llauder-mataro\/wp-json\/wp\/v2\/comments?post=4631"}],"version-history":[{"count":2,"href":"https:\/\/agora.xtec.cat\/ceip-torre-llauder-mataro\/wp-json\/wp\/v2\/posts\/4631\/revisions"}],"predecessor-version":[{"id":4633,"href":"https:\/\/agora.xtec.cat\/ceip-torre-llauder-mataro\/wp-json\/wp\/v2\/posts\/4631\/revisions\/4633"}],"wp:attachment":[{"href":"https:\/\/agora.xtec.cat\/ceip-torre-llauder-mataro\/wp-json\/wp\/v2\/media?parent=4631"}],"wp:term":[{"taxonomy":"category","embeddable":true,"href":"https:\/\/agora.xtec.cat\/ceip-torre-llauder-mataro\/wp-json\/wp\/v2\/categories?post=4631"},{"taxonomy":"post_tag","embeddable":true,"href":"https:\/\/agora.xtec.cat\/ceip-torre-llauder-mataro\/wp-json\/wp\/v2\/tags?post=4631"}],"curies":[{"name":"wp","href":"https:\/\/api.w.org\/{rel}","templated":true}]}}