{"id":4615,"date":"2021-10-14T12:54:59","date_gmt":"2021-10-14T10:54:59","guid":{"rendered":"https:\/\/agora.xtec.cat\/ceip-torre-llauder-mataro\/?p=4615"},"modified":"2021-10-14T12:54:59","modified_gmt":"2021-10-14T10:54:59","slug":"sorra-magica-2","status":"publish","type":"post","link":"https:\/\/agora.xtec.cat\/ceip-torre-llauder-mataro\/infantil\/sorra-magica-2\/","title":{"rendered":"Sorra m\u00e0gica"},"content":{"rendered":"<p>Els nens i nenes de la classe del Drac hem experimentat amb farina i oli, i sabeu qu\u00e8 hem aconseguit? Sorra m\u00e0gica!! Us convidem a fer-ho a casa, \u00e9s molt senzill i estaran una estona entretinguts! Poseu farina i aneu introduint l&#8217;oli de girasol mica en mica fins aconseguir la textura de la sorra m\u00e0gica.<\/p>\n<p><a href=\"https:\/\/photos.app.goo.gl\/A1cdUDHmMa6yzFdz5\">Fotos sorra<\/a><\/p>\n","protected":false},"excerpt":{"rendered":"<p>Els nens i nenes de la classe del Drac hem experimentat amb farina i oli, i sabeu qu\u00e8 hem aconseguit? Sorra m\u00e0gica!! Us convidem a fer-ho a casa, \u00e9s molt senzill i estaran una estona entretinguts! Poseu farina i aneu introduint l&#8217;oli de girasol mica&hellip;  <a href=\"https:\/\/agora.xtec.cat\/ceip-torre-llauder-mataro\/infantil\/sorra-magica-2\/\" title=\"Read Sorra m\u00e0gica\">Llegeix m\u00e9s\u00bb<\/a><\/p>\n","protected":false},"author":12,"featured_media":0,"comment_status":"open","ping_status":"closed","sticky":false,"template":"","format":"standard","meta":{"_bbp_topic_count":0,"_bbp_reply_count":0,"_bbp_total_topic_count":0,"_bbp_total_reply_count":0,"_bbp_voice_count":0,"_bbp_anonymous_reply_count":0,"_bbp_topic_count_hidden":0,"_bbp_reply_count_hidden":0,"_bbp_forum_subforum_count":0,"footnotes":""},"categories":[3,2],"tags":[],"class_list":["post-4615","post","type-post","status-publish","format-standard","hentry","category-i4","category-infantil"],"post_mailing_queue_ids":[],"_links":{"self":[{"href":"https:\/\/agora.xtec.cat\/ceip-torre-llauder-mataro\/wp-json\/wp\/v2\/posts\/4615","targetHints":{"allow":["GET"]}}],"collection":[{"href":"https:\/\/agora.xtec.cat\/ceip-torre-llauder-mataro\/wp-json\/wp\/v2\/posts"}],"about":[{"href":"https:\/\/agora.xtec.cat\/ceip-torre-llauder-mataro\/wp-json\/wp\/v2\/types\/post"}],"author":[{"embeddable":true,"href":"https:\/\/agora.xtec.cat\/ceip-torre-llauder-mataro\/wp-json\/wp\/v2\/users\/12"}],"replies":[{"embeddable":true,"href":"https:\/\/agora.xtec.cat\/ceip-torre-llauder-mataro\/wp-json\/wp\/v2\/comments?post=4615"}],"version-history":[{"count":1,"href":"https:\/\/agora.xtec.cat\/ceip-torre-llauder-mataro\/wp-json\/wp\/v2\/posts\/4615\/revisions"}],"predecessor-version":[{"id":4616,"href":"https:\/\/agora.xtec.cat\/ceip-torre-llauder-mataro\/wp-json\/wp\/v2\/posts\/4615\/revisions\/4616"}],"wp:attachment":[{"href":"https:\/\/agora.xtec.cat\/ceip-torre-llauder-mataro\/wp-json\/wp\/v2\/media?parent=4615"}],"wp:term":[{"taxonomy":"category","embeddable":true,"href":"https:\/\/agora.xtec.cat\/ceip-torre-llauder-mataro\/wp-json\/wp\/v2\/categories?post=4615"},{"taxonomy":"post_tag","embeddable":true,"href":"https:\/\/agora.xtec.cat\/ceip-torre-llauder-mataro\/wp-json\/wp\/v2\/tags?post=4615"}],"curies":[{"name":"wp","href":"https:\/\/api.w.org\/{rel}","templated":true}]}}