{"id":4604,"date":"2021-10-06T22:11:30","date_gmt":"2021-10-06T20:11:30","guid":{"rendered":"https:\/\/agora.xtec.cat\/ceip-torre-llauder-mataro\/?p=4604"},"modified":"2021-10-06T22:11:30","modified_gmt":"2021-10-06T20:11:30","slug":"racons-1r-trimestre-p5","status":"publish","type":"post","link":"https:\/\/agora.xtec.cat\/ceip-torre-llauder-mataro\/infantil\/racons-1r-trimestre-p5\/","title":{"rendered":"RACONS 1r TRIMESTRE P5"},"content":{"rendered":"<p>Ja fa un temps que a P5 estan treballant molt a trav\u00e9s dels racons.<\/p>\n<p>Durant aquest tipus de sessions intentem que cada nen\/a passi per diferents racons, com el de llengua, matem\u00e0tiques, descoberta, experimentaci\u00f3, pl\u00e0stica,mans fines, construccions, mandales, ordinador, etc. Cada 15 dies anem canviant els racons segons la tem\u00e0tica que estiguem treballant, aix\u00ed doncs van aprenent a l&#8217;hora que ho passen b\u00e9.<\/p>\n<p>Durant aquest primer trimestre anirem actualitzant aquest \u00e0lbum amb les fotos que anem fent fins al Desembre! Estigueu atents i atentes.<\/p>\n<p><a href=\"https:\/\/photos.app.goo.gl\/Koax76z8GiaHBqLX7\">Fotos racons 1r trimestre<\/a><\/p>\n","protected":false},"excerpt":{"rendered":"<p>Ja fa un temps que a P5 estan treballant molt a trav\u00e9s dels racons.<br \/>\nDurant aquest tipus de sessions intentem que cada nen\/a passi per diferents racons, com el de llengua, matem\u00e0tiques, descoberta, experimentaci\u00f3, pl\u00e0stica,mans fines, construccions, mandales, ordinador, etc. Cada 15 dies anem canviant els&hellip;  <a href=\"https:\/\/agora.xtec.cat\/ceip-torre-llauder-mataro\/infantil\/racons-1r-trimestre-p5\/\" title=\"Read RACONS 1r TRIMESTRE P5\">Llegeix m\u00e9s\u00bb<\/a><\/p>\n","protected":false},"author":7,"featured_media":0,"comment_status":"open","ping_status":"closed","sticky":false,"template":"","format":"standard","meta":{"_bbp_topic_count":0,"_bbp_reply_count":0,"_bbp_total_topic_count":0,"_bbp_total_reply_count":0,"_bbp_voice_count":0,"_bbp_anonymous_reply_count":0,"_bbp_topic_count_hidden":0,"_bbp_reply_count_hidden":0,"_bbp_forum_subforum_count":0,"footnotes":""},"categories":[8,2],"tags":[],"class_list":["post-4604","post","type-post","status-publish","format-standard","hentry","category-i5","category-infantil"],"post_mailing_queue_ids":[],"_links":{"self":[{"href":"https:\/\/agora.xtec.cat\/ceip-torre-llauder-mataro\/wp-json\/wp\/v2\/posts\/4604","targetHints":{"allow":["GET"]}}],"collection":[{"href":"https:\/\/agora.xtec.cat\/ceip-torre-llauder-mataro\/wp-json\/wp\/v2\/posts"}],"about":[{"href":"https:\/\/agora.xtec.cat\/ceip-torre-llauder-mataro\/wp-json\/wp\/v2\/types\/post"}],"author":[{"embeddable":true,"href":"https:\/\/agora.xtec.cat\/ceip-torre-llauder-mataro\/wp-json\/wp\/v2\/users\/7"}],"replies":[{"embeddable":true,"href":"https:\/\/agora.xtec.cat\/ceip-torre-llauder-mataro\/wp-json\/wp\/v2\/comments?post=4604"}],"version-history":[{"count":1,"href":"https:\/\/agora.xtec.cat\/ceip-torre-llauder-mataro\/wp-json\/wp\/v2\/posts\/4604\/revisions"}],"predecessor-version":[{"id":4605,"href":"https:\/\/agora.xtec.cat\/ceip-torre-llauder-mataro\/wp-json\/wp\/v2\/posts\/4604\/revisions\/4605"}],"wp:attachment":[{"href":"https:\/\/agora.xtec.cat\/ceip-torre-llauder-mataro\/wp-json\/wp\/v2\/media?parent=4604"}],"wp:term":[{"taxonomy":"category","embeddable":true,"href":"https:\/\/agora.xtec.cat\/ceip-torre-llauder-mataro\/wp-json\/wp\/v2\/categories?post=4604"},{"taxonomy":"post_tag","embeddable":true,"href":"https:\/\/agora.xtec.cat\/ceip-torre-llauder-mataro\/wp-json\/wp\/v2\/tags?post=4604"}],"curies":[{"name":"wp","href":"https:\/\/api.w.org\/{rel}","templated":true}]}}