{"id":4597,"date":"2021-10-05T13:21:00","date_gmt":"2021-10-05T11:21:00","guid":{"rendered":"https:\/\/agora.xtec.cat\/ceip-torre-llauder-mataro\/?p=4597"},"modified":"2021-10-05T13:21:00","modified_gmt":"2021-10-05T11:21:00","slug":"som-gegantes","status":"publish","type":"post","link":"https:\/\/agora.xtec.cat\/ceip-torre-llauder-mataro\/general\/som-gegantes\/","title":{"rendered":"S\u00d3M GEGANTES!!"},"content":{"rendered":"<p>Com segurament ja sabreu P3 ha triat el nom de la classe i aquest any serem&#8230;. GEGANTES!! Durant aquests dies hem pogut con\u00e8ixer als 4 gegants de Matar\u00f3 i despr\u00e9s d&#8217;una ajustada votaci\u00f3 tenim figura guanyadoraaaa!!!<\/p>\n<p>Ja hem fet una medalla, hem pintat una geganta amb aquarel.les i ara, entre tots i totes, estem fent una super-geganta per tal de posar-la a la porta i que tothom s\u00e0piga el nom de la classe de P3.<\/p>\n<p><a href=\"https:\/\/photos.app.goo.gl\/DkAQPipmqNnUNG4m7\">Nom de la classe<\/a><\/p>\n","protected":false},"excerpt":{"rendered":"<p>Com segurament ja sabreu P3 ha triat el nom de la classe i aquest any serem&#8230;. GEGANTES!! Durant aquests dies hem pogut con\u00e8ixer als 4 gegants de Matar\u00f3 i despr\u00e9s d&#8217;una ajustada votaci\u00f3 tenim figura guanyadoraaaa!!!<br \/>\nJa hem fet una medalla, hem pintat una geganta amb&hellip;  <a href=\"https:\/\/agora.xtec.cat\/ceip-torre-llauder-mataro\/general\/som-gegantes\/\" title=\"Read S\u00d3M GEGANTES!!\">Llegeix m\u00e9s\u00bb<\/a><\/p>\n","protected":false},"author":21,"featured_media":0,"comment_status":"open","ping_status":"closed","sticky":false,"template":"","format":"standard","meta":{"_bbp_topic_count":0,"_bbp_reply_count":0,"_bbp_total_topic_count":0,"_bbp_total_reply_count":0,"_bbp_voice_count":0,"_bbp_anonymous_reply_count":0,"_bbp_topic_count_hidden":0,"_bbp_reply_count_hidden":0,"_bbp_forum_subforum_count":0,"footnotes":""},"categories":[1,83,2],"tags":[],"class_list":["post-4597","post","type-post","status-publish","format-standard","hentry","category-general","category-i3","category-infantil"],"post_mailing_queue_ids":[],"_links":{"self":[{"href":"https:\/\/agora.xtec.cat\/ceip-torre-llauder-mataro\/wp-json\/wp\/v2\/posts\/4597","targetHints":{"allow":["GET"]}}],"collection":[{"href":"https:\/\/agora.xtec.cat\/ceip-torre-llauder-mataro\/wp-json\/wp\/v2\/posts"}],"about":[{"href":"https:\/\/agora.xtec.cat\/ceip-torre-llauder-mataro\/wp-json\/wp\/v2\/types\/post"}],"author":[{"embeddable":true,"href":"https:\/\/agora.xtec.cat\/ceip-torre-llauder-mataro\/wp-json\/wp\/v2\/users\/21"}],"replies":[{"embeddable":true,"href":"https:\/\/agora.xtec.cat\/ceip-torre-llauder-mataro\/wp-json\/wp\/v2\/comments?post=4597"}],"version-history":[{"count":1,"href":"https:\/\/agora.xtec.cat\/ceip-torre-llauder-mataro\/wp-json\/wp\/v2\/posts\/4597\/revisions"}],"predecessor-version":[{"id":4598,"href":"https:\/\/agora.xtec.cat\/ceip-torre-llauder-mataro\/wp-json\/wp\/v2\/posts\/4597\/revisions\/4598"}],"wp:attachment":[{"href":"https:\/\/agora.xtec.cat\/ceip-torre-llauder-mataro\/wp-json\/wp\/v2\/media?parent=4597"}],"wp:term":[{"taxonomy":"category","embeddable":true,"href":"https:\/\/agora.xtec.cat\/ceip-torre-llauder-mataro\/wp-json\/wp\/v2\/categories?post=4597"},{"taxonomy":"post_tag","embeddable":true,"href":"https:\/\/agora.xtec.cat\/ceip-torre-llauder-mataro\/wp-json\/wp\/v2\/tags?post=4597"}],"curies":[{"name":"wp","href":"https:\/\/api.w.org\/{rel}","templated":true}]}}