{"id":4518,"date":"2021-06-23T14:06:13","date_gmt":"2021-06-23T12:06:13","guid":{"rendered":"http:\/\/agora.xtec.cat\/ceip-torre-llauder-mataro\/?p=4518"},"modified":"2021-06-23T14:08:17","modified_gmt":"2021-06-23T12:08:17","slug":"revista-torre-paper","status":"publish","type":"post","link":"https:\/\/agora.xtec.cat\/ceip-torre-llauder-mataro\/general\/revista-torre-paper\/","title":{"rendered":"REVISTA TORRE PAPER"},"content":{"rendered":"<p>Aqu\u00ed tamb\u00e9 podeu veure l&#8217;\u00faltim n\u00famero de la revista Torre Paper a tot color.<\/p>\n<p>Cliqueu la imatge.<\/p>\n<p><a href=\"https:\/\/drive.google.com\/file\/d\/1B7fnv7KpUOQvJo8ufgqcS1pFN7b9-Lpv\/view?usp=sharing\" target=\"_blank\" rel=\"noopener noreferrer\"><img loading=\"lazy\" decoding=\"async\" class=\"alignnone wp-image-4519\" src=\"https:\/\/agora.xtec.cat\/ceip-torre-llauder-mataro\/wp-content\/uploads\/usu1425\/2021\/06\/portadatorrepaper.jpg\" alt=\"\" width=\"273\" height=\"387\" srcset=\"https:\/\/agora.xtec.cat\/ceip-torre-llauder-mataro\/wp-content\/uploads\/usu1425\/2021\/06\/portadatorrepaper.jpg 521w, https:\/\/agora.xtec.cat\/ceip-torre-llauder-mataro\/wp-content\/uploads\/usu1425\/2021\/06\/portadatorrepaper-212x300.jpg 212w\" sizes=\"auto, (max-width: 273px) 100vw, 273px\" \/><\/a><\/p>\n","protected":false},"excerpt":{"rendered":"<p>Aqu\u00ed tamb\u00e9 podeu veure l&#8217;\u00faltim n\u00famero de la revista Torre Paper a tot color.<br \/>\nCliqueu la imatge.<br \/>\n<a href=\"https:\/\/drive.google.com\/file\/d\/1B7fnv7KpUOQvJo8ufgqcS1pFN7b9-Lpv\/view?usp=sharing\" target=\"_blank\" rel=\"noopener noreferrer\"><\/a><\/p>\n","protected":false},"author":6,"featured_media":0,"comment_status":"closed","ping_status":"closed","sticky":false,"template":"","format":"standard","meta":{"_bbp_topic_count":0,"_bbp_reply_count":0,"_bbp_total_topic_count":0,"_bbp_total_reply_count":0,"_bbp_voice_count":0,"_bbp_anonymous_reply_count":0,"_bbp_topic_count_hidden":0,"_bbp_reply_count_hidden":0,"_bbp_forum_subforum_count":0,"footnotes":""},"categories":[9,10,11,12,13,14,1,83,3,8,2,63,4,5],"tags":[190,191,189],"class_list":["post-4518","post","type-post","status-publish","format-standard","hentry","category-1r","category-2n","category-3r","category-4t","category-5e","category-6e","category-general","category-i3","category-i4","category-i5","category-infantil","category-llauderet","category-portada","category-primaria","tag-revista","tag-revista-escolar","tag-torre-paper"],"post_mailing_queue_ids":[],"_links":{"self":[{"href":"https:\/\/agora.xtec.cat\/ceip-torre-llauder-mataro\/wp-json\/wp\/v2\/posts\/4518","targetHints":{"allow":["GET"]}}],"collection":[{"href":"https:\/\/agora.xtec.cat\/ceip-torre-llauder-mataro\/wp-json\/wp\/v2\/posts"}],"about":[{"href":"https:\/\/agora.xtec.cat\/ceip-torre-llauder-mataro\/wp-json\/wp\/v2\/types\/post"}],"author":[{"embeddable":true,"href":"https:\/\/agora.xtec.cat\/ceip-torre-llauder-mataro\/wp-json\/wp\/v2\/users\/6"}],"replies":[{"embeddable":true,"href":"https:\/\/agora.xtec.cat\/ceip-torre-llauder-mataro\/wp-json\/wp\/v2\/comments?post=4518"}],"version-history":[{"count":1,"href":"https:\/\/agora.xtec.cat\/ceip-torre-llauder-mataro\/wp-json\/wp\/v2\/posts\/4518\/revisions"}],"predecessor-version":[{"id":4520,"href":"https:\/\/agora.xtec.cat\/ceip-torre-llauder-mataro\/wp-json\/wp\/v2\/posts\/4518\/revisions\/4520"}],"wp:attachment":[{"href":"https:\/\/agora.xtec.cat\/ceip-torre-llauder-mataro\/wp-json\/wp\/v2\/media?parent=4518"}],"wp:term":[{"taxonomy":"category","embeddable":true,"href":"https:\/\/agora.xtec.cat\/ceip-torre-llauder-mataro\/wp-json\/wp\/v2\/categories?post=4518"},{"taxonomy":"post_tag","embeddable":true,"href":"https:\/\/agora.xtec.cat\/ceip-torre-llauder-mataro\/wp-json\/wp\/v2\/tags?post=4518"}],"curies":[{"name":"wp","href":"https:\/\/api.w.org\/{rel}","templated":true}]}}