{"id":4515,"date":"2021-06-22T18:21:03","date_gmt":"2021-06-22T16:21:03","guid":{"rendered":"http:\/\/agora.xtec.cat\/ceip-torre-llauder-mataro\/?p=4515"},"modified":"2021-09-21T23:11:39","modified_gmt":"2021-09-21T21:11:39","slug":"descalcat-al-bosc","status":"publish","type":"post","link":"https:\/\/agora.xtec.cat\/ceip-torre-llauder-mataro\/infantil\/descalcat-al-bosc\/","title":{"rendered":"DESCAL\u00c7AT AL BOSC"},"content":{"rendered":"<p>L&#8217;escola ja s&#8217;ha acabat i per acomiadar aquest curs ho hem volgut fer d&#8217;una manera diferent. P3 i P4 avui hem anat al &#8220;Descal\u00e7at al bosc&#8221;. Una excursi\u00f3 totalment sensorial on els protagonistes eren els nostres peus.<\/p>\n<p>Descal\u00e7os hem caminat pel bosc i hem notat moltes textures i moltes sensacions.\u00a0 Tamb\u00e9 ens han donat l&#8217;oportunitat d&#8217;utilitzar el sentit de l&#8217;o\u00efda mitjan\u00e7ant diferents sons de la natura, tamb\u00e9 el tacte amb caixes sorpresa que amagaven coses incre\u00efbles que podem trobar al bosc i no ens oblidem del descobriment de com son les petjades dels diferents animals que podem trobar en aquests boscos.<\/p>\n<p>Ha sigut una experi\u00e8ncia inoblidable de final de curs, que mai oblidarem.<\/p>\n<p><strong>Els infants han gaudit molt\u00edssim i les mestres tamb\u00e9 \ud83d\ude1c<\/strong><\/p>\n<p style=\"font-family: 'Helvetica Neue', Helvetica, Helvetica, Arial, sans-serif; font-size: 16px;\"><strong>Bones i felices vacances per a tothom \ud83d\ude01<\/strong><\/p>\n<p><em>CLIQUEU A LA IMATGE PER VEURE LES FOTOS<\/em><\/p>\n<p><a href=\"https:\/\/photos.app.goo.gl\/FpKzkiMHL7DrrHdUA\"><img loading=\"lazy\" decoding=\"async\" class=\"aligncenter\" src=\"https:\/\/lh3.googleusercontent.com\/pw\/ACtC-3fQmk6WJzSTGTVVXw1aXYSVNqbNwRoLk9SWUmBRW1L11m0qO9QZwUXXEjnG4Xi_KEZsUqHbhrFkdM8d8uwbTlV3deAFovrCM1pNLzvRORcAVr7dkvlWCwN_vFz9HosjsiYO7JKrs91oynDNOg-VnpnN=w834-h625-no?authuser=0\" width=\"397\" height=\"298\" \/><\/a><\/p>\n","protected":false},"excerpt":{"rendered":"<p>L&#8217;escola ja s&#8217;ha acabat i per acomiadar aquest curs ho hem volgut fer d&#8217;una manera diferent. P3 i P4 avui hem anat al &#8220;Descal\u00e7at al bosc&#8221;. Una excursi\u00f3 totalment sensorial on els protagonistes eren els nostres peus.<br \/>\nDescal\u00e7os hem caminat pel bosc i hem notat moltes&hellip;  <a href=\"https:\/\/agora.xtec.cat\/ceip-torre-llauder-mataro\/infantil\/descalcat-al-bosc\/\" title=\"Read DESCAL\u00c7AT AL BOSC\">Llegeix m\u00e9s\u00bb<\/a><\/p>\n","protected":false},"author":21,"featured_media":0,"comment_status":"open","ping_status":"closed","sticky":false,"template":"","format":"standard","meta":{"_bbp_topic_count":0,"_bbp_reply_count":0,"_bbp_total_topic_count":0,"_bbp_total_reply_count":0,"_bbp_voice_count":0,"_bbp_anonymous_reply_count":0,"_bbp_topic_count_hidden":0,"_bbp_reply_count_hidden":0,"_bbp_forum_subforum_count":0,"footnotes":""},"categories":[83,3,2],"tags":[],"class_list":["post-4515","post","type-post","status-publish","format-standard","hentry","category-i3","category-i4","category-infantil"],"post_mailing_queue_ids":[],"_links":{"self":[{"href":"https:\/\/agora.xtec.cat\/ceip-torre-llauder-mataro\/wp-json\/wp\/v2\/posts\/4515","targetHints":{"allow":["GET"]}}],"collection":[{"href":"https:\/\/agora.xtec.cat\/ceip-torre-llauder-mataro\/wp-json\/wp\/v2\/posts"}],"about":[{"href":"https:\/\/agora.xtec.cat\/ceip-torre-llauder-mataro\/wp-json\/wp\/v2\/types\/post"}],"author":[{"embeddable":true,"href":"https:\/\/agora.xtec.cat\/ceip-torre-llauder-mataro\/wp-json\/wp\/v2\/users\/21"}],"replies":[{"embeddable":true,"href":"https:\/\/agora.xtec.cat\/ceip-torre-llauder-mataro\/wp-json\/wp\/v2\/comments?post=4515"}],"version-history":[{"count":2,"href":"https:\/\/agora.xtec.cat\/ceip-torre-llauder-mataro\/wp-json\/wp\/v2\/posts\/4515\/revisions"}],"predecessor-version":[{"id":4517,"href":"https:\/\/agora.xtec.cat\/ceip-torre-llauder-mataro\/wp-json\/wp\/v2\/posts\/4515\/revisions\/4517"}],"wp:attachment":[{"href":"https:\/\/agora.xtec.cat\/ceip-torre-llauder-mataro\/wp-json\/wp\/v2\/media?parent=4515"}],"wp:term":[{"taxonomy":"category","embeddable":true,"href":"https:\/\/agora.xtec.cat\/ceip-torre-llauder-mataro\/wp-json\/wp\/v2\/categories?post=4515"},{"taxonomy":"post_tag","embeddable":true,"href":"https:\/\/agora.xtec.cat\/ceip-torre-llauder-mataro\/wp-json\/wp\/v2\/tags?post=4515"}],"curies":[{"name":"wp","href":"https:\/\/api.w.org\/{rel}","templated":true}]}}