{"id":4503,"date":"2021-06-16T16:53:24","date_gmt":"2021-06-16T14:53:24","guid":{"rendered":"http:\/\/agora.xtec.cat\/ceip-torre-llauder-mataro\/?p=4503"},"modified":"2021-06-16T16:53:24","modified_gmt":"2021-06-16T14:53:24","slug":"projecte-de-les-diablesses-2","status":"publish","type":"post","link":"https:\/\/agora.xtec.cat\/ceip-torre-llauder-mataro\/infantil\/projecte-de-les-diablesses-2\/","title":{"rendered":"Projecte de les diablesses"},"content":{"rendered":"<p>Com ja sabeu a P4 som la classe de les diablesses i aquest tercer trimestre us hem demant informaci\u00f3 perqu\u00e8 els nens i nenes puguin explicar als companys i companyes coses sobre elles.<\/p>\n<p>Us hem de donar les gr\u00e0cies fam\u00edlies, els nens i nenes ho han explicat molt b\u00e9 i hem muntat un rac\u00f3 molt bonic a la classe.<\/p>\n<p><a href=\"https:\/\/photos.app.goo.gl\/a2vuLnpS3orM85AbA\">Fotos projecte<\/a><\/p>\n","protected":false},"excerpt":{"rendered":"<p>Com ja sabeu a P4 som la classe de les diablesses i aquest tercer trimestre us hem demant informaci\u00f3 perqu\u00e8 els nens i nenes puguin explicar als companys i companyes coses sobre elles.<br \/>\nUs hem de donar les gr\u00e0cies fam\u00edlies, els nens i nenes ho han&hellip;  <a href=\"https:\/\/agora.xtec.cat\/ceip-torre-llauder-mataro\/infantil\/projecte-de-les-diablesses-2\/\" title=\"Read Projecte de les diablesses\">Llegeix m\u00e9s\u00bb<\/a><\/p>\n","protected":false},"author":7,"featured_media":0,"comment_status":"open","ping_status":"closed","sticky":false,"template":"","format":"standard","meta":{"_bbp_topic_count":0,"_bbp_reply_count":0,"_bbp_total_topic_count":0,"_bbp_total_reply_count":0,"_bbp_voice_count":0,"_bbp_anonymous_reply_count":0,"_bbp_topic_count_hidden":0,"_bbp_reply_count_hidden":0,"_bbp_forum_subforum_count":0,"footnotes":""},"categories":[3,2],"tags":[],"class_list":["post-4503","post","type-post","status-publish","format-standard","hentry","category-i4","category-infantil"],"post_mailing_queue_ids":[],"_links":{"self":[{"href":"https:\/\/agora.xtec.cat\/ceip-torre-llauder-mataro\/wp-json\/wp\/v2\/posts\/4503","targetHints":{"allow":["GET"]}}],"collection":[{"href":"https:\/\/agora.xtec.cat\/ceip-torre-llauder-mataro\/wp-json\/wp\/v2\/posts"}],"about":[{"href":"https:\/\/agora.xtec.cat\/ceip-torre-llauder-mataro\/wp-json\/wp\/v2\/types\/post"}],"author":[{"embeddable":true,"href":"https:\/\/agora.xtec.cat\/ceip-torre-llauder-mataro\/wp-json\/wp\/v2\/users\/7"}],"replies":[{"embeddable":true,"href":"https:\/\/agora.xtec.cat\/ceip-torre-llauder-mataro\/wp-json\/wp\/v2\/comments?post=4503"}],"version-history":[{"count":1,"href":"https:\/\/agora.xtec.cat\/ceip-torre-llauder-mataro\/wp-json\/wp\/v2\/posts\/4503\/revisions"}],"predecessor-version":[{"id":4504,"href":"https:\/\/agora.xtec.cat\/ceip-torre-llauder-mataro\/wp-json\/wp\/v2\/posts\/4503\/revisions\/4504"}],"wp:attachment":[{"href":"https:\/\/agora.xtec.cat\/ceip-torre-llauder-mataro\/wp-json\/wp\/v2\/media?parent=4503"}],"wp:term":[{"taxonomy":"category","embeddable":true,"href":"https:\/\/agora.xtec.cat\/ceip-torre-llauder-mataro\/wp-json\/wp\/v2\/categories?post=4503"},{"taxonomy":"post_tag","embeddable":true,"href":"https:\/\/agora.xtec.cat\/ceip-torre-llauder-mataro\/wp-json\/wp\/v2\/tags?post=4503"}],"curies":[{"name":"wp","href":"https:\/\/api.w.org\/{rel}","templated":true}]}}