{"id":4499,"date":"2021-06-16T16:36:16","date_gmt":"2021-06-16T14:36:16","guid":{"rendered":"http:\/\/agora.xtec.cat\/ceip-torre-llauder-mataro\/?p=4499"},"modified":"2021-06-16T16:36:16","modified_gmt":"2021-06-16T14:36:16","slug":"musica","status":"publish","type":"post","link":"https:\/\/agora.xtec.cat\/ceip-torre-llauder-mataro\/infantil\/musica\/","title":{"rendered":"M\u00fasica"},"content":{"rendered":"<p>A P4 ens agrada molt la m\u00fasica.<\/p>\n<p>Amb la Maria hem apr\u00e8s diferents can\u00e7ons i molts continguts de musicals.<\/p>\n<p>Aqu\u00ed teniu unes fotos i algun v\u00eddeo perqu\u00e8 veieu com s\u00f3n algunes de les sessions de m\u00fasica.<\/p>\n<p><a href=\"https:\/\/photos.app.goo.gl\/PAEFNaMDTVjyRLgX7\">Fotos m\u00fasica<\/a><\/p>\n","protected":false},"excerpt":{"rendered":"<p>A P4 ens agrada molt la m\u00fasica.<br \/>\nAmb la Maria hem apr\u00e8s diferents can\u00e7ons i molts continguts de musicals.<br \/>\nAqu\u00ed teniu unes fotos i algun v\u00eddeo perqu\u00e8 veieu com s\u00f3n algunes de les sessions de m\u00fasica.<br \/>\n<a href=\"https:\/\/photos.app.goo.gl\/PAEFNaMDTVjyRLgX7\">Fotos m\u00fasica<\/a><\/p>\n","protected":false},"author":7,"featured_media":0,"comment_status":"open","ping_status":"closed","sticky":false,"template":"","format":"standard","meta":{"_bbp_topic_count":0,"_bbp_reply_count":0,"_bbp_total_topic_count":0,"_bbp_total_reply_count":0,"_bbp_voice_count":0,"_bbp_anonymous_reply_count":0,"_bbp_topic_count_hidden":0,"_bbp_reply_count_hidden":0,"_bbp_forum_subforum_count":0,"footnotes":""},"categories":[3,2],"tags":[],"class_list":["post-4499","post","type-post","status-publish","format-standard","hentry","category-i4","category-infantil"],"post_mailing_queue_ids":[],"_links":{"self":[{"href":"https:\/\/agora.xtec.cat\/ceip-torre-llauder-mataro\/wp-json\/wp\/v2\/posts\/4499","targetHints":{"allow":["GET"]}}],"collection":[{"href":"https:\/\/agora.xtec.cat\/ceip-torre-llauder-mataro\/wp-json\/wp\/v2\/posts"}],"about":[{"href":"https:\/\/agora.xtec.cat\/ceip-torre-llauder-mataro\/wp-json\/wp\/v2\/types\/post"}],"author":[{"embeddable":true,"href":"https:\/\/agora.xtec.cat\/ceip-torre-llauder-mataro\/wp-json\/wp\/v2\/users\/7"}],"replies":[{"embeddable":true,"href":"https:\/\/agora.xtec.cat\/ceip-torre-llauder-mataro\/wp-json\/wp\/v2\/comments?post=4499"}],"version-history":[{"count":1,"href":"https:\/\/agora.xtec.cat\/ceip-torre-llauder-mataro\/wp-json\/wp\/v2\/posts\/4499\/revisions"}],"predecessor-version":[{"id":4500,"href":"https:\/\/agora.xtec.cat\/ceip-torre-llauder-mataro\/wp-json\/wp\/v2\/posts\/4499\/revisions\/4500"}],"wp:attachment":[{"href":"https:\/\/agora.xtec.cat\/ceip-torre-llauder-mataro\/wp-json\/wp\/v2\/media?parent=4499"}],"wp:term":[{"taxonomy":"category","embeddable":true,"href":"https:\/\/agora.xtec.cat\/ceip-torre-llauder-mataro\/wp-json\/wp\/v2\/categories?post=4499"},{"taxonomy":"post_tag","embeddable":true,"href":"https:\/\/agora.xtec.cat\/ceip-torre-llauder-mataro\/wp-json\/wp\/v2\/tags?post=4499"}],"curies":[{"name":"wp","href":"https:\/\/api.w.org\/{rel}","templated":true}]}}