{"id":4495,"date":"2021-06-16T16:18:45","date_gmt":"2021-06-16T14:18:45","guid":{"rendered":"http:\/\/agora.xtec.cat\/ceip-torre-llauder-mataro\/?p=4495"},"modified":"2021-06-16T16:18:45","modified_gmt":"2021-06-16T14:18:45","slug":"plastica-2","status":"publish","type":"post","link":"https:\/\/agora.xtec.cat\/ceip-torre-llauder-mataro\/infantil\/plastica-2\/","title":{"rendered":"Pl\u00e0stica"},"content":{"rendered":"<p>A la classe de les diablesses som uns artistes i ens agrada molt la pintura.<\/p>\n<p>Aqu\u00ed teniu algunes fotos de varies sessions on hem fet pintura amb cavallet, en un mural, estampaci\u00f3 i algunes imatges tamb\u00e9 de quan vam pintar animalets per decorar el vest\u00edbul i la nostra aula.<\/p>\n<p><a href=\"https:\/\/photos.app.goo.gl\/mvstTjF6nZ2xJ4r38\">Fotos pl\u00e0stica<\/a><\/p>\n<p>&nbsp;<\/p>\n","protected":false},"excerpt":{"rendered":"<p>A la classe de les diablesses som uns artistes i ens agrada molt la pintura.<br \/>\nAqu\u00ed teniu algunes fotos de varies sessions on hem fet pintura amb cavallet, en un mural, estampaci\u00f3 i algunes imatges tamb\u00e9 de quan vam pintar animalets per decorar el vest\u00edbul i&hellip;  <a href=\"https:\/\/agora.xtec.cat\/ceip-torre-llauder-mataro\/infantil\/plastica-2\/\" title=\"Read Pl\u00e0stica\">Llegeix m\u00e9s\u00bb<\/a><\/p>\n","protected":false},"author":7,"featured_media":0,"comment_status":"open","ping_status":"closed","sticky":false,"template":"","format":"standard","meta":{"_bbp_topic_count":0,"_bbp_reply_count":0,"_bbp_total_topic_count":0,"_bbp_total_reply_count":0,"_bbp_voice_count":0,"_bbp_anonymous_reply_count":0,"_bbp_topic_count_hidden":0,"_bbp_reply_count_hidden":0,"_bbp_forum_subforum_count":0,"footnotes":""},"categories":[3,2],"tags":[],"class_list":["post-4495","post","type-post","status-publish","format-standard","hentry","category-i4","category-infantil"],"post_mailing_queue_ids":[],"_links":{"self":[{"href":"https:\/\/agora.xtec.cat\/ceip-torre-llauder-mataro\/wp-json\/wp\/v2\/posts\/4495","targetHints":{"allow":["GET"]}}],"collection":[{"href":"https:\/\/agora.xtec.cat\/ceip-torre-llauder-mataro\/wp-json\/wp\/v2\/posts"}],"about":[{"href":"https:\/\/agora.xtec.cat\/ceip-torre-llauder-mataro\/wp-json\/wp\/v2\/types\/post"}],"author":[{"embeddable":true,"href":"https:\/\/agora.xtec.cat\/ceip-torre-llauder-mataro\/wp-json\/wp\/v2\/users\/7"}],"replies":[{"embeddable":true,"href":"https:\/\/agora.xtec.cat\/ceip-torre-llauder-mataro\/wp-json\/wp\/v2\/comments?post=4495"}],"version-history":[{"count":1,"href":"https:\/\/agora.xtec.cat\/ceip-torre-llauder-mataro\/wp-json\/wp\/v2\/posts\/4495\/revisions"}],"predecessor-version":[{"id":4496,"href":"https:\/\/agora.xtec.cat\/ceip-torre-llauder-mataro\/wp-json\/wp\/v2\/posts\/4495\/revisions\/4496"}],"wp:attachment":[{"href":"https:\/\/agora.xtec.cat\/ceip-torre-llauder-mataro\/wp-json\/wp\/v2\/media?parent=4495"}],"wp:term":[{"taxonomy":"category","embeddable":true,"href":"https:\/\/agora.xtec.cat\/ceip-torre-llauder-mataro\/wp-json\/wp\/v2\/categories?post=4495"},{"taxonomy":"post_tag","embeddable":true,"href":"https:\/\/agora.xtec.cat\/ceip-torre-llauder-mataro\/wp-json\/wp\/v2\/tags?post=4495"}],"curies":[{"name":"wp","href":"https:\/\/api.w.org\/{rel}","templated":true}]}}