{"id":4427,"date":"2021-04-21T13:56:34","date_gmt":"2021-04-21T11:56:34","guid":{"rendered":"http:\/\/agora.xtec.cat\/ceip-torre-llauder-mataro\/?p=4427"},"modified":"2021-05-05T15:36:15","modified_gmt":"2021-05-05T13:36:15","slug":"jornades-culturals","status":"publish","type":"post","link":"https:\/\/agora.xtec.cat\/ceip-torre-llauder-mataro\/general\/jornades-culturals\/","title":{"rendered":"JORNADES CULTURALS"},"content":{"rendered":"<p>Aquest mat\u00ed hem iniciat les <strong>Jornades Culturals<\/strong> a l&#8217;escola amb la Gimcana esportiva d&#8217;Ed. Infantil!!<\/p>\n<p>Ja se sap que a l&#8217;abril&#8230; aig\u00fces mil! \ud83d\ude05 Per\u00f2 la pluja i els bassals no han impedit que els m\u00e9s petits de l&#8217;escola posessin a prova la seva agilitat, rapidesa i punteria.<\/p>\n<p>Hem adaptat els espais i els nens i les nenes s&#8217;ho han passat d&#8217;all\u00f2 m\u00e9s b\u00e9!<\/p>\n<p>A continuaci\u00f3, podreu veure les fotografies de les diferents activitats que es dinamitzen durant aquests dies!<\/p>\n<table style=\"width: 323px;\">\n<tbody>\n<tr style=\"height: 32px;\">\n<td style=\"width: 158.4px; text-align: center; height: 32px;\">ED. INFANTIL<\/td>\n<td style=\"width: 157.6px; text-align: center; height: 32px;\">CICLE INICIAL<\/td>\n<\/tr>\n<tr style=\"height: 132px;\">\n<td style=\"width: 158.4px; text-align: center; height: 132px;\"><a href=\"https:\/\/photos.app.goo.gl\/DCQ65SAQopLUzvoq5\" target=\"_blank\" rel=\"noopener noreferrer\"><img loading=\"lazy\" decoding=\"async\" class=\"aligncenter wp-image-4429\" src=\"https:\/\/agora.xtec.cat\/ceip-torre-llauder-mataro\/wp-content\/uploads\/usu1425\/2021\/04\/IMG_20210421_093443a-1024x768.jpg\" alt=\"\" width=\"179\" height=\"134\" srcset=\"https:\/\/agora.xtec.cat\/ceip-torre-llauder-mataro\/wp-content\/uploads\/usu1425\/2021\/04\/IMG_20210421_093443a-1024x768.jpg 1024w, https:\/\/agora.xtec.cat\/ceip-torre-llauder-mataro\/wp-content\/uploads\/usu1425\/2021\/04\/IMG_20210421_093443a-300x225.jpg 300w, https:\/\/agora.xtec.cat\/ceip-torre-llauder-mataro\/wp-content\/uploads\/usu1425\/2021\/04\/IMG_20210421_093443a-768x576.jpg 768w, https:\/\/agora.xtec.cat\/ceip-torre-llauder-mataro\/wp-content\/uploads\/usu1425\/2021\/04\/IMG_20210421_093443a-200x150.jpg 200w, https:\/\/agora.xtec.cat\/ceip-torre-llauder-mataro\/wp-content\/uploads\/usu1425\/2021\/04\/IMG_20210421_093443a.jpg 1200w\" sizes=\"auto, (max-width: 179px) 100vw, 179px\" \/><\/a><\/td>\n<td style=\"width: 157.6px; text-align: center; height: 132px;\"><a href=\"https:\/\/photos.app.goo.gl\/uJM5mRvVdLt9QNZXA\" target=\"_blank\" rel=\"noopener noreferrer\"><img loading=\"lazy\" decoding=\"async\" class=\"alignnone wp-image-4440 size-full\" src=\"https:\/\/agora.xtec.cat\/ceip-torre-llauder-mataro\/wp-content\/uploads\/usu1425\/2021\/04\/IMG_20210422_095708-a.jpg\" alt=\"\" width=\"980\" height=\"735\" srcset=\"https:\/\/agora.xtec.cat\/ceip-torre-llauder-mataro\/wp-content\/uploads\/usu1425\/2021\/04\/IMG_20210422_095708-a.jpg 980w, https:\/\/agora.xtec.cat\/ceip-torre-llauder-mataro\/wp-content\/uploads\/usu1425\/2021\/04\/IMG_20210422_095708-a-300x225.jpg 300w, https:\/\/agora.xtec.cat\/ceip-torre-llauder-mataro\/wp-content\/uploads\/usu1425\/2021\/04\/IMG_20210422_095708-a-768x576.jpg 768w, https:\/\/agora.xtec.cat\/ceip-torre-llauder-mataro\/wp-content\/uploads\/usu1425\/2021\/04\/IMG_20210422_095708-a-200x150.jpg 200w\" sizes=\"auto, (max-width: 980px) 100vw, 980px\" \/><\/a><\/td>\n<\/tr>\n<\/tbody>\n<\/table>\n<table style=\"width: 317px; height: 176px;\">\n<tbody>\n<tr style=\"height: 32px;\">\n<td style=\"width: 160px; text-align: center; height: 32px;\">CICLE MITJ\u00c0<\/td>\n<td style=\"width: 149px; text-align: center; height: 32px;\">CICLE SUPERIOR<\/td>\n<\/tr>\n<tr style=\"height: 132px;\">\n<td style=\"width: 160px; text-align: center; height: 144px;\"><a href=\"https:\/\/photos.app.goo.gl\/1fa4BmCGJ9K35AW48\" target=\"_blank\" rel=\"noopener noreferrer\"><img loading=\"lazy\" decoding=\"async\" class=\"alignnone wp-image-4435 size-large\" src=\"https:\/\/agora.xtec.cat\/ceip-torre-llauder-mataro\/wp-content\/uploads\/usu1425\/2021\/04\/IMG_20210421_121059-1024x768.jpg\" alt=\"\" width=\"1024\" height=\"768\" srcset=\"https:\/\/agora.xtec.cat\/ceip-torre-llauder-mataro\/wp-content\/uploads\/usu1425\/2021\/04\/IMG_20210421_121059-1024x768.jpg 1024w, https:\/\/agora.xtec.cat\/ceip-torre-llauder-mataro\/wp-content\/uploads\/usu1425\/2021\/04\/IMG_20210421_121059-300x225.jpg 300w, https:\/\/agora.xtec.cat\/ceip-torre-llauder-mataro\/wp-content\/uploads\/usu1425\/2021\/04\/IMG_20210421_121059-768x576.jpg 768w, https:\/\/agora.xtec.cat\/ceip-torre-llauder-mataro\/wp-content\/uploads\/usu1425\/2021\/04\/IMG_20210421_121059-200x150.jpg 200w, https:\/\/agora.xtec.cat\/ceip-torre-llauder-mataro\/wp-content\/uploads\/usu1425\/2021\/04\/IMG_20210421_121059.jpg 1292w\" sizes=\"auto, (max-width: 1024px) 100vw, 1024px\" \/><\/a><\/td>\n<td style=\"width: 149px; text-align: center; height: 144px;\"><a href=\"https:\/\/photos.app.goo.gl\/okjRFt95XGHpogBS7\" target=\"_blank\" rel=\"noopener noreferrer\"><img loading=\"lazy\" decoding=\"async\" class=\"alignnone wp-image-4442 size-large\" src=\"https:\/\/agora.xtec.cat\/ceip-torre-llauder-mataro\/wp-content\/uploads\/usu1425\/2021\/04\/IMG_20210422_153812a-1024x768.jpg\" alt=\"\" width=\"1024\" height=\"768\" srcset=\"https:\/\/agora.xtec.cat\/ceip-torre-llauder-mataro\/wp-content\/uploads\/usu1425\/2021\/04\/IMG_20210422_153812a-1024x768.jpg 1024w, https:\/\/agora.xtec.cat\/ceip-torre-llauder-mataro\/wp-content\/uploads\/usu1425\/2021\/04\/IMG_20210422_153812a-300x225.jpg 300w, https:\/\/agora.xtec.cat\/ceip-torre-llauder-mataro\/wp-content\/uploads\/usu1425\/2021\/04\/IMG_20210422_153812a-768x576.jpg 768w, https:\/\/agora.xtec.cat\/ceip-torre-llauder-mataro\/wp-content\/uploads\/usu1425\/2021\/04\/IMG_20210422_153812a-200x150.jpg 200w, https:\/\/agora.xtec.cat\/ceip-torre-llauder-mataro\/wp-content\/uploads\/usu1425\/2021\/04\/IMG_20210422_153812a.jpg 1248w\" sizes=\"auto, (max-width: 1024px) 100vw, 1024px\" \/><\/a><\/td>\n<\/tr>\n<\/tbody>\n<\/table>\n<p>I, no podr\u00edem acabar les Jornades Culturals de millor manera!!!!<\/p>\n<p>La Colla Gegantera ens ha fet una gran sorpresa! Ha vingut a l&#8217;escola i ha fet ballar a en Llauderet a ritme de tabals!!! I, quin ritme!!!!<\/p>\n<p>Avui, 23 d&#8217;abril, celebrem el seu aniversari, ja fa 24 anys!<\/p>\n<p style=\"text-align: center;\"><strong>PER MOOOOOLTS ANYS, LLAUDERET! <\/strong><\/p>\n<p style=\"text-align: center;\"><strong>I&#8230; MOLTES GR\u00c0CIES, COLLA GEGANTERA! \ud83d\ude00\ud83d\ude00<\/strong><\/p>\n<p><a href=\"https:\/\/photos.app.goo.gl\/4bXC6qVjEyB5zcGJA\" target=\"_blank\" rel=\"noopener noreferrer\"><img loading=\"lazy\" decoding=\"async\" class=\"aligncenter wp-image-4446\" src=\"https:\/\/agora.xtec.cat\/ceip-torre-llauder-mataro\/wp-content\/uploads\/usu1425\/2021\/04\/Sin-t\u00edtulo-1.png\" alt=\"\" width=\"418\" height=\"244\" srcset=\"https:\/\/agora.xtec.cat\/ceip-torre-llauder-mataro\/wp-content\/uploads\/usu1425\/2021\/04\/Sin-t\u00edtulo-1.png 951w, https:\/\/agora.xtec.cat\/ceip-torre-llauder-mataro\/wp-content\/uploads\/usu1425\/2021\/04\/Sin-t\u00edtulo-1-300x175.png 300w, https:\/\/agora.xtec.cat\/ceip-torre-llauder-mataro\/wp-content\/uploads\/usu1425\/2021\/04\/Sin-t\u00edtulo-1-768x448.png 768w\" sizes=\"auto, (max-width: 418px) 100vw, 418px\" \/><\/a><\/p>\n<p>&nbsp;<\/p>\n<p>&nbsp;<\/p>\n","protected":false},"excerpt":{"rendered":"<p>Aquest mat\u00ed hem iniciat les Jornades Culturals a l&#8217;escola amb la Gimcana esportiva d&#8217;Ed. Infantil!!<br \/>\nJa se sap que a l&#8217;abril&#8230; aig\u00fces mil! \ud83d\ude05 Per\u00f2 la pluja i els bassals no han impedit que els m\u00e9s petits de l&#8217;escola posessin a prova la seva agilitat, rapidesa&hellip;  <a href=\"https:\/\/agora.xtec.cat\/ceip-torre-llauder-mataro\/general\/jornades-culturals\/\" title=\"Read JORNADES CULTURALS\">Llegeix m\u00e9s\u00bb<\/a><\/p>\n","protected":false},"author":19,"featured_media":0,"comment_status":"closed","ping_status":"closed","sticky":false,"template":"","format":"standard","meta":{"_bbp_topic_count":0,"_bbp_reply_count":0,"_bbp_total_topic_count":0,"_bbp_total_reply_count":0,"_bbp_voice_count":0,"_bbp_anonymous_reply_count":0,"_bbp_topic_count_hidden":0,"_bbp_reply_count_hidden":0,"_bbp_forum_subforum_count":0,"footnotes":""},"categories":[9,10,11,12,13,14,1,83,3,8,2,4,5],"tags":[186],"class_list":["post-4427","post","type-post","status-publish","format-standard","hentry","category-1r","category-2n","category-3r","category-4t","category-5e","category-6e","category-general","category-i3","category-i4","category-i5","category-infantil","category-portada","category-primaria","tag-jornades-culturals"],"post_mailing_queue_ids":[],"_links":{"self":[{"href":"https:\/\/agora.xtec.cat\/ceip-torre-llauder-mataro\/wp-json\/wp\/v2\/posts\/4427","targetHints":{"allow":["GET"]}}],"collection":[{"href":"https:\/\/agora.xtec.cat\/ceip-torre-llauder-mataro\/wp-json\/wp\/v2\/posts"}],"about":[{"href":"https:\/\/agora.xtec.cat\/ceip-torre-llauder-mataro\/wp-json\/wp\/v2\/types\/post"}],"author":[{"embeddable":true,"href":"https:\/\/agora.xtec.cat\/ceip-torre-llauder-mataro\/wp-json\/wp\/v2\/users\/19"}],"replies":[{"embeddable":true,"href":"https:\/\/agora.xtec.cat\/ceip-torre-llauder-mataro\/wp-json\/wp\/v2\/comments?post=4427"}],"version-history":[{"count":4,"href":"https:\/\/agora.xtec.cat\/ceip-torre-llauder-mataro\/wp-json\/wp\/v2\/posts\/4427\/revisions"}],"predecessor-version":[{"id":4464,"href":"https:\/\/agora.xtec.cat\/ceip-torre-llauder-mataro\/wp-json\/wp\/v2\/posts\/4427\/revisions\/4464"}],"wp:attachment":[{"href":"https:\/\/agora.xtec.cat\/ceip-torre-llauder-mataro\/wp-json\/wp\/v2\/media?parent=4427"}],"wp:term":[{"taxonomy":"category","embeddable":true,"href":"https:\/\/agora.xtec.cat\/ceip-torre-llauder-mataro\/wp-json\/wp\/v2\/categories?post=4427"},{"taxonomy":"post_tag","embeddable":true,"href":"https:\/\/agora.xtec.cat\/ceip-torre-llauder-mataro\/wp-json\/wp\/v2\/tags?post=4427"}],"curies":[{"name":"wp","href":"https:\/\/api.w.org\/{rel}","templated":true}]}}