{"id":4424,"date":"2021-04-16T20:37:00","date_gmt":"2021-04-16T18:37:00","guid":{"rendered":"http:\/\/agora.xtec.cat\/ceip-torre-llauder-mataro\/?p=4424"},"modified":"2021-04-16T20:37:00","modified_gmt":"2021-04-16T18:37:00","slug":"p4-racons-3r-trimestre","status":"publish","type":"post","link":"https:\/\/agora.xtec.cat\/ceip-torre-llauder-mataro\/infantil\/p4-racons-3r-trimestre\/","title":{"rendered":"P4 Racons 3r Trimestre"},"content":{"rendered":"<p>Aquest \u00faltim trimestre del curs hem comen\u00e7at amb els racons relacionats amb els aliments i les plantes.<\/p>\n<p>Anem canviant els racons a mesura que van\u00a0 passant tots els nens i nenes.<\/p>\n<p>Us deixem les fotos d&#8217;aquestes primeres setmanes, per\u00f2 estigueu atents perqu\u00e8 durant el trimestre anirem afegint a aquest mateix \u00e0lbum.<\/p>\n<p><a href=\"https:\/\/photos.app.goo.gl\/szs6WLGBkRFDt5ReA\">Fotos racons 3r trimestre<\/a><\/p>\n","protected":false},"excerpt":{"rendered":"<p>Aquest \u00faltim trimestre del curs hem comen\u00e7at amb els racons relacionats amb els aliments i les plantes.<br \/>\nAnem canviant els racons a mesura que van\u00a0 passant tots els nens i nenes.<br \/>\nUs deixem les fotos d&#8217;aquestes primeres setmanes, per\u00f2 estigueu atents perqu\u00e8 durant el trimestre anirem afegint&hellip;  <a href=\"https:\/\/agora.xtec.cat\/ceip-torre-llauder-mataro\/infantil\/p4-racons-3r-trimestre\/\" title=\"Read P4 Racons 3r Trimestre\">Llegeix m\u00e9s\u00bb<\/a><\/p>\n","protected":false},"author":7,"featured_media":0,"comment_status":"open","ping_status":"closed","sticky":false,"template":"","format":"standard","meta":{"_bbp_topic_count":0,"_bbp_reply_count":0,"_bbp_total_topic_count":0,"_bbp_total_reply_count":0,"_bbp_voice_count":0,"_bbp_anonymous_reply_count":0,"_bbp_topic_count_hidden":0,"_bbp_reply_count_hidden":0,"_bbp_forum_subforum_count":0,"footnotes":""},"categories":[3,2],"tags":[],"class_list":["post-4424","post","type-post","status-publish","format-standard","hentry","category-i4","category-infantil"],"post_mailing_queue_ids":[],"_links":{"self":[{"href":"https:\/\/agora.xtec.cat\/ceip-torre-llauder-mataro\/wp-json\/wp\/v2\/posts\/4424","targetHints":{"allow":["GET"]}}],"collection":[{"href":"https:\/\/agora.xtec.cat\/ceip-torre-llauder-mataro\/wp-json\/wp\/v2\/posts"}],"about":[{"href":"https:\/\/agora.xtec.cat\/ceip-torre-llauder-mataro\/wp-json\/wp\/v2\/types\/post"}],"author":[{"embeddable":true,"href":"https:\/\/agora.xtec.cat\/ceip-torre-llauder-mataro\/wp-json\/wp\/v2\/users\/7"}],"replies":[{"embeddable":true,"href":"https:\/\/agora.xtec.cat\/ceip-torre-llauder-mataro\/wp-json\/wp\/v2\/comments?post=4424"}],"version-history":[{"count":1,"href":"https:\/\/agora.xtec.cat\/ceip-torre-llauder-mataro\/wp-json\/wp\/v2\/posts\/4424\/revisions"}],"predecessor-version":[{"id":4425,"href":"https:\/\/agora.xtec.cat\/ceip-torre-llauder-mataro\/wp-json\/wp\/v2\/posts\/4424\/revisions\/4425"}],"wp:attachment":[{"href":"https:\/\/agora.xtec.cat\/ceip-torre-llauder-mataro\/wp-json\/wp\/v2\/media?parent=4424"}],"wp:term":[{"taxonomy":"category","embeddable":true,"href":"https:\/\/agora.xtec.cat\/ceip-torre-llauder-mataro\/wp-json\/wp\/v2\/categories?post=4424"},{"taxonomy":"post_tag","embeddable":true,"href":"https:\/\/agora.xtec.cat\/ceip-torre-llauder-mataro\/wp-json\/wp\/v2\/tags?post=4424"}],"curies":[{"name":"wp","href":"https:\/\/api.w.org\/{rel}","templated":true}]}}