{"id":4420,"date":"2021-04-15T19:44:03","date_gmt":"2021-04-15T17:44:03","guid":{"rendered":"http:\/\/agora.xtec.cat\/ceip-torre-llauder-mataro\/?p=4420"},"modified":"2021-04-15T19:58:37","modified_gmt":"2021-04-15T17:58:37","slug":"p5-tambe-estem-de-colonies","status":"publish","type":"post","link":"https:\/\/agora.xtec.cat\/ceip-torre-llauder-mataro\/general\/p5-tambe-estem-de-colonies\/","title":{"rendered":"P5 TAMB\u00c9 ESTEM DE COL\u00d2NIES!"},"content":{"rendered":"<p>Aquest mat\u00ed els i les alumnes de P5 han marxat de col\u00f2nies a La Censada i s&#8217;han trobat amb els grans de l&#8217;escola!<\/p>\n<p>Estan fent un munt d&#8217;activitats i s&#8217;ho estan passant d&#8217;all\u00f2 m\u00e9s b\u00e9!<\/p>\n<p>Cliqueu la imatge i veureu les fotografies que anem pujant.\ud83d\ude09<\/p>\n<p><a href=\"https:\/\/photos.google.com\/u\/1\/share\/AF1QipOuS3tASS7N3YDqAHUt9EEMJeFMix6RfpKfTIRO56vwhfoZVwY956fPZaaciJaIWg?key=MlBab0lRMG9BOThtd2JoYTJKdnliVnp0WVlhTlVn\" target=\"_blank\" rel=\"noopener noreferrer\"><img loading=\"lazy\" decoding=\"async\" class=\"aligncenter wp-image-4421\" src=\"https:\/\/agora.xtec.cat\/ceip-torre-llauder-mataro\/wp-content\/uploads\/usu1425\/2021\/04\/20210415_091534-1024x768.jpg\" alt=\"\" width=\"327\" height=\"245\" srcset=\"https:\/\/agora.xtec.cat\/ceip-torre-llauder-mataro\/wp-content\/uploads\/usu1425\/2021\/04\/20210415_091534-1024x768.jpg 1024w, https:\/\/agora.xtec.cat\/ceip-torre-llauder-mataro\/wp-content\/uploads\/usu1425\/2021\/04\/20210415_091534-300x225.jpg 300w, https:\/\/agora.xtec.cat\/ceip-torre-llauder-mataro\/wp-content\/uploads\/usu1425\/2021\/04\/20210415_091534-768x576.jpg 768w, https:\/\/agora.xtec.cat\/ceip-torre-llauder-mataro\/wp-content\/uploads\/usu1425\/2021\/04\/20210415_091534-200x150.jpg 200w\" sizes=\"auto, (max-width: 327px) 100vw, 327px\" \/><\/a><\/p>\n","protected":false},"excerpt":{"rendered":"<p>Aquest mat\u00ed els i les alumnes de P5 han marxat de col\u00f2nies a La Censada i s&#8217;han trobat amb els grans de l&#8217;escola!<br \/>\nEstan fent un munt d&#8217;activitats i s&#8217;ho estan passant d&#8217;all\u00f2 m\u00e9s b\u00e9!<br \/>\nCliqueu la imatge i veureu les fotografies que anem pujant.\ud83d\ude09<br \/>\n<a href=\"https:\/\/photos.google.com\/u\/1\/share\/AF1QipOuS3tASS7N3YDqAHUt9EEMJeFMix6RfpKfTIRO56vwhfoZVwY956fPZaaciJaIWg?key=MlBab0lRMG9BOThtd2JoYTJKdnliVnp0WVlhTlVn\" target=\"_blank\"&hellip;  <a href=\"https:\/\/agora.xtec.cat\/ceip-torre-llauder-mataro\/general\/p5-tambe-estem-de-colonies\/\" title=\"Read P5 TAMB\u00c9 ESTEM DE COL\u00d2NIES!\">Llegeix m\u00e9s\u00bb<\/a><\/p>\n","protected":false},"author":19,"featured_media":0,"comment_status":"closed","ping_status":"closed","sticky":false,"template":"","format":"standard","meta":{"_bbp_topic_count":0,"_bbp_reply_count":0,"_bbp_total_topic_count":0,"_bbp_total_reply_count":0,"_bbp_voice_count":0,"_bbp_anonymous_reply_count":0,"_bbp_topic_count_hidden":0,"_bbp_reply_count_hidden":0,"_bbp_forum_subforum_count":0,"footnotes":""},"categories":[1,8,2,4],"tags":[65,177,179,16],"class_list":["post-4420","post","type-post","status-publish","format-standard","hentry","category-general","category-i5","category-infantil","category-portada","tag-colonies","tag-infantil","tag-p5","tag-sortides"],"post_mailing_queue_ids":[],"_links":{"self":[{"href":"https:\/\/agora.xtec.cat\/ceip-torre-llauder-mataro\/wp-json\/wp\/v2\/posts\/4420","targetHints":{"allow":["GET"]}}],"collection":[{"href":"https:\/\/agora.xtec.cat\/ceip-torre-llauder-mataro\/wp-json\/wp\/v2\/posts"}],"about":[{"href":"https:\/\/agora.xtec.cat\/ceip-torre-llauder-mataro\/wp-json\/wp\/v2\/types\/post"}],"author":[{"embeddable":true,"href":"https:\/\/agora.xtec.cat\/ceip-torre-llauder-mataro\/wp-json\/wp\/v2\/users\/19"}],"replies":[{"embeddable":true,"href":"https:\/\/agora.xtec.cat\/ceip-torre-llauder-mataro\/wp-json\/wp\/v2\/comments?post=4420"}],"version-history":[{"count":2,"href":"https:\/\/agora.xtec.cat\/ceip-torre-llauder-mataro\/wp-json\/wp\/v2\/posts\/4420\/revisions"}],"predecessor-version":[{"id":4423,"href":"https:\/\/agora.xtec.cat\/ceip-torre-llauder-mataro\/wp-json\/wp\/v2\/posts\/4420\/revisions\/4423"}],"wp:attachment":[{"href":"https:\/\/agora.xtec.cat\/ceip-torre-llauder-mataro\/wp-json\/wp\/v2\/media?parent=4420"}],"wp:term":[{"taxonomy":"category","embeddable":true,"href":"https:\/\/agora.xtec.cat\/ceip-torre-llauder-mataro\/wp-json\/wp\/v2\/categories?post=4420"},{"taxonomy":"post_tag","embeddable":true,"href":"https:\/\/agora.xtec.cat\/ceip-torre-llauder-mataro\/wp-json\/wp\/v2\/tags?post=4420"}],"curies":[{"name":"wp","href":"https:\/\/api.w.org\/{rel}","templated":true}]}}