{"id":4413,"date":"2021-04-13T15:27:16","date_gmt":"2021-04-13T13:27:16","guid":{"rendered":"http:\/\/agora.xtec.cat\/ceip-torre-llauder-mataro\/?p=4413"},"modified":"2021-04-13T15:29:11","modified_gmt":"2021-04-13T13:29:11","slug":"p4-anem-a-la-biblioteca","status":"publish","type":"post","link":"https:\/\/agora.xtec.cat\/ceip-torre-llauder-mataro\/infantil\/p4-anem-a-la-biblioteca\/","title":{"rendered":"P4 anem a la biblioteca"},"content":{"rendered":"<p>Aquest mat\u00ed, els nens i nenes de la classe de les diablesses han anat a la biblioteca Pompeu Fabra de Matar\u00f3.<\/p>\n<p>Els han explicat qu\u00e8 \u00e9s una biblioteca, qu\u00e8 es pot fer i qu\u00e8 no es pot fer, el seu funcionament i els han explicat un conte de monstres molt divertit!<\/p>\n<p>Finalment han pogut gaudir d&#8217;una estona mirant contes. S&#8217;ho han molt b\u00e9, aqu\u00ed us deixem el recull de fotos.<\/p>\n<p><a href=\"https:\/\/photos.app.goo.gl\/38AdVFpkmMTii2WXA\">Biblioteca P4<\/a><\/p>\n","protected":false},"excerpt":{"rendered":"<p>Aquest mat\u00ed, els nens i nenes de la classe de les diablesses han anat a la biblioteca Pompeu Fabra de Matar\u00f3.<br \/>\nEls han explicat qu\u00e8 \u00e9s una biblioteca, qu\u00e8 es pot fer i qu\u00e8 no es pot fer, el seu funcionament i els han explicat un&hellip;  <a href=\"https:\/\/agora.xtec.cat\/ceip-torre-llauder-mataro\/infantil\/p4-anem-a-la-biblioteca\/\" title=\"Read P4 anem a la biblioteca\">Llegeix m\u00e9s\u00bb<\/a><\/p>\n","protected":false},"author":7,"featured_media":0,"comment_status":"open","ping_status":"closed","sticky":false,"template":"","format":"standard","meta":{"_bbp_topic_count":0,"_bbp_reply_count":0,"_bbp_total_topic_count":0,"_bbp_total_reply_count":0,"_bbp_voice_count":0,"_bbp_anonymous_reply_count":0,"_bbp_topic_count_hidden":0,"_bbp_reply_count_hidden":0,"_bbp_forum_subforum_count":0,"footnotes":""},"categories":[3,2],"tags":[],"class_list":["post-4413","post","type-post","status-publish","format-standard","hentry","category-i4","category-infantil"],"post_mailing_queue_ids":[],"_links":{"self":[{"href":"https:\/\/agora.xtec.cat\/ceip-torre-llauder-mataro\/wp-json\/wp\/v2\/posts\/4413","targetHints":{"allow":["GET"]}}],"collection":[{"href":"https:\/\/agora.xtec.cat\/ceip-torre-llauder-mataro\/wp-json\/wp\/v2\/posts"}],"about":[{"href":"https:\/\/agora.xtec.cat\/ceip-torre-llauder-mataro\/wp-json\/wp\/v2\/types\/post"}],"author":[{"embeddable":true,"href":"https:\/\/agora.xtec.cat\/ceip-torre-llauder-mataro\/wp-json\/wp\/v2\/users\/7"}],"replies":[{"embeddable":true,"href":"https:\/\/agora.xtec.cat\/ceip-torre-llauder-mataro\/wp-json\/wp\/v2\/comments?post=4413"}],"version-history":[{"count":2,"href":"https:\/\/agora.xtec.cat\/ceip-torre-llauder-mataro\/wp-json\/wp\/v2\/posts\/4413\/revisions"}],"predecessor-version":[{"id":4415,"href":"https:\/\/agora.xtec.cat\/ceip-torre-llauder-mataro\/wp-json\/wp\/v2\/posts\/4413\/revisions\/4415"}],"wp:attachment":[{"href":"https:\/\/agora.xtec.cat\/ceip-torre-llauder-mataro\/wp-json\/wp\/v2\/media?parent=4413"}],"wp:term":[{"taxonomy":"category","embeddable":true,"href":"https:\/\/agora.xtec.cat\/ceip-torre-llauder-mataro\/wp-json\/wp\/v2\/categories?post=4413"},{"taxonomy":"post_tag","embeddable":true,"href":"https:\/\/agora.xtec.cat\/ceip-torre-llauder-mataro\/wp-json\/wp\/v2\/tags?post=4413"}],"curies":[{"name":"wp","href":"https:\/\/api.w.org\/{rel}","templated":true}]}}