{"id":4411,"date":"2021-04-12T13:33:04","date_gmt":"2021-04-12T11:33:04","guid":{"rendered":"http:\/\/agora.xtec.cat\/ceip-torre-llauder-mataro\/?p=4411"},"modified":"2021-04-12T13:33:04","modified_gmt":"2021-04-12T11:33:04","slug":"treballem-els-sentits-p5","status":"publish","type":"post","link":"https:\/\/agora.xtec.cat\/ceip-torre-llauder-mataro\/infantil\/treballem-els-sentits-p5\/","title":{"rendered":"Treballem els SENTITS P5"},"content":{"rendered":"<p>Hola fam\u00edlies!<\/p>\n<p>Per finalitzar amb el context del cos hum\u00e0 hem treballat els sentits i que millor manera que preparar un bon ventall de material per despertar els cinc sentits!<\/p>\n<p>L&#8217;o\u00efda a trav\u00e9s d&#8217;instruments musicals, la vista amb les taules de llum, l&#8217;olfacte amb diferents herbes arom\u00e0tiques, el gust amb aliments molt propers a ells i el tacte a trav\u00e9s d&#8217;unes capses que tenien materials amb diferents textures.<\/p>\n<p style=\"text-align: left;\">Ha estat una sessi\u00f3 diferent i molt engrescadora on cada nen\/a ha pogut manipular i investigar al seu ritme.<\/p>\n<p><a href=\"https:\/\/photos.app.goo.gl\/A2h1s9W4JoqrF6jm9\">Fotografies racons dels sentits<\/a><\/p>\n<p>&nbsp;<\/p>\n","protected":false},"excerpt":{"rendered":"<p>Hola fam\u00edlies!<br \/>\nPer finalitzar amb el context del cos hum\u00e0 hem treballat els sentits i que millor manera que preparar un bon ventall de material per despertar els cinc sentits!<br \/>\nL&#8217;o\u00efda a trav\u00e9s d&#8217;instruments musicals, la vista amb les taules de llum, l&#8217;olfacte amb diferents herbes arom\u00e0tiques,&hellip;  <a href=\"https:\/\/agora.xtec.cat\/ceip-torre-llauder-mataro\/infantil\/treballem-els-sentits-p5\/\" title=\"Read Treballem els SENTITS P5\">Llegeix m\u00e9s\u00bb<\/a><\/p>\n","protected":false},"author":10,"featured_media":0,"comment_status":"open","ping_status":"closed","sticky":false,"template":"","format":"standard","meta":{"_bbp_topic_count":0,"_bbp_reply_count":0,"_bbp_total_topic_count":0,"_bbp_total_reply_count":0,"_bbp_voice_count":0,"_bbp_anonymous_reply_count":0,"_bbp_topic_count_hidden":0,"_bbp_reply_count_hidden":0,"_bbp_forum_subforum_count":0,"footnotes":""},"categories":[8,2],"tags":[],"class_list":["post-4411","post","type-post","status-publish","format-standard","hentry","category-i5","category-infantil"],"post_mailing_queue_ids":[],"_links":{"self":[{"href":"https:\/\/agora.xtec.cat\/ceip-torre-llauder-mataro\/wp-json\/wp\/v2\/posts\/4411","targetHints":{"allow":["GET"]}}],"collection":[{"href":"https:\/\/agora.xtec.cat\/ceip-torre-llauder-mataro\/wp-json\/wp\/v2\/posts"}],"about":[{"href":"https:\/\/agora.xtec.cat\/ceip-torre-llauder-mataro\/wp-json\/wp\/v2\/types\/post"}],"author":[{"embeddable":true,"href":"https:\/\/agora.xtec.cat\/ceip-torre-llauder-mataro\/wp-json\/wp\/v2\/users\/10"}],"replies":[{"embeddable":true,"href":"https:\/\/agora.xtec.cat\/ceip-torre-llauder-mataro\/wp-json\/wp\/v2\/comments?post=4411"}],"version-history":[{"count":1,"href":"https:\/\/agora.xtec.cat\/ceip-torre-llauder-mataro\/wp-json\/wp\/v2\/posts\/4411\/revisions"}],"predecessor-version":[{"id":4412,"href":"https:\/\/agora.xtec.cat\/ceip-torre-llauder-mataro\/wp-json\/wp\/v2\/posts\/4411\/revisions\/4412"}],"wp:attachment":[{"href":"https:\/\/agora.xtec.cat\/ceip-torre-llauder-mataro\/wp-json\/wp\/v2\/media?parent=4411"}],"wp:term":[{"taxonomy":"category","embeddable":true,"href":"https:\/\/agora.xtec.cat\/ceip-torre-llauder-mataro\/wp-json\/wp\/v2\/categories?post=4411"},{"taxonomy":"post_tag","embeddable":true,"href":"https:\/\/agora.xtec.cat\/ceip-torre-llauder-mataro\/wp-json\/wp\/v2\/tags?post=4411"}],"curies":[{"name":"wp","href":"https:\/\/api.w.org\/{rel}","templated":true}]}}