{"id":4394,"date":"2021-04-08T12:14:45","date_gmt":"2021-04-08T10:14:45","guid":{"rendered":"http:\/\/agora.xtec.cat\/ceip-torre-llauder-mataro\/?p=4394"},"modified":"2021-04-08T13:02:47","modified_gmt":"2021-04-08T11:02:47","slug":"sortida-a-ca-larenas","status":"publish","type":"post","link":"https:\/\/agora.xtec.cat\/ceip-torre-llauder-mataro\/general\/sortida-a-ca-larenas\/","title":{"rendered":"CICLE INICIAL: SORTIDA A CA L&#8217;ARENAS"},"content":{"rendered":"<p style=\"text-align: left;\">Hola fam\u00edlies! Al segon trimestre, a Cicle Inicial vam treballar els autors Jordi Arenas i Jaume Arenas a l&#8217;\u00e0rea de pl\u00e0stica. Per aquest motiu, vam fer una sortida al museu Ca l&#8217;Arenas, on hi ha exposades obres dels dos germans. All\u00e0 vam fer un taller relacionat amb els dos autors. Ens van explicar que moltes de les obres d&#8217;aquests dos artistes estaven inspirades en el mar perqu\u00e8 els hi agradava molt. Despr\u00e9s, vam fer una activitat en la qual ens van explicar la hist\u00f2ria d&#8217;un n\u00favol viatger que el vent anava movent segons els diferents corrents mar\u00edtims i on finalment vam crear el nostre propi n\u00favol amb paper de diari, paper de seda i cordills que feien de pluja. Va ser un taller molt interessant i vam gaudir molt.<\/p>\n<p>Feu clic a la imatge per poder veure l&#8217;\u00e0lbum sencer!<\/p>\n<p><a href=\"https:\/\/photos.app.goo.gl\/FzgppjEiH6pNDmRN7\" target=\"_blank\" rel=\"noopener noreferrer\"><img loading=\"lazy\" decoding=\"async\" class=\"alignnone wp-image-4395\" src=\"https:\/\/agora.xtec.cat\/ceip-torre-llauder-mataro\/wp-content\/uploads\/usu1425\/2021\/04\/IMG_20210226_111221-1024x768.jpg\" alt=\"\" width=\"344\" height=\"258\" srcset=\"https:\/\/agora.xtec.cat\/ceip-torre-llauder-mataro\/wp-content\/uploads\/usu1425\/2021\/04\/IMG_20210226_111221-1024x768.jpg 1024w, https:\/\/agora.xtec.cat\/ceip-torre-llauder-mataro\/wp-content\/uploads\/usu1425\/2021\/04\/IMG_20210226_111221-300x225.jpg 300w, https:\/\/agora.xtec.cat\/ceip-torre-llauder-mataro\/wp-content\/uploads\/usu1425\/2021\/04\/IMG_20210226_111221-768x576.jpg 768w, https:\/\/agora.xtec.cat\/ceip-torre-llauder-mataro\/wp-content\/uploads\/usu1425\/2021\/04\/IMG_20210226_111221-200x150.jpg 200w, https:\/\/agora.xtec.cat\/ceip-torre-llauder-mataro\/wp-content\/uploads\/usu1425\/2021\/04\/IMG_20210226_111221.jpg 2048w\" sizes=\"auto, (max-width: 344px) 100vw, 344px\" \/><\/a><\/p>\n<p>&nbsp;<\/p>\n","protected":false},"excerpt":{"rendered":"<p>Hola fam\u00edlies! Al segon trimestre, a Cicle Inicial vam treballar els autors Jordi Arenas i Jaume Arenas a l&#8217;\u00e0rea de pl\u00e0stica. Per aquest motiu, vam fer una sortida al museu Ca l&#8217;Arenas, on hi ha exposades obres dels dos germans. All\u00e0 vam fer un taller&hellip;  <a href=\"https:\/\/agora.xtec.cat\/ceip-torre-llauder-mataro\/general\/sortida-a-ca-larenas\/\" title=\"Read CICLE INICIAL: SORTIDA A CA L&#8217;ARENAS\">Llegeix m\u00e9s\u00bb<\/a><\/p>\n","protected":false},"author":21,"featured_media":0,"comment_status":"open","ping_status":"closed","sticky":false,"template":"","format":"standard","meta":{"_bbp_topic_count":0,"_bbp_reply_count":0,"_bbp_total_topic_count":0,"_bbp_total_reply_count":0,"_bbp_voice_count":0,"_bbp_anonymous_reply_count":0,"_bbp_topic_count_hidden":0,"_bbp_reply_count_hidden":0,"_bbp_forum_subforum_count":0,"footnotes":""},"categories":[9,10,1,4,5],"tags":[],"class_list":["post-4394","post","type-post","status-publish","format-standard","hentry","category-1r","category-2n","category-general","category-portada","category-primaria"],"post_mailing_queue_ids":[],"_links":{"self":[{"href":"https:\/\/agora.xtec.cat\/ceip-torre-llauder-mataro\/wp-json\/wp\/v2\/posts\/4394","targetHints":{"allow":["GET"]}}],"collection":[{"href":"https:\/\/agora.xtec.cat\/ceip-torre-llauder-mataro\/wp-json\/wp\/v2\/posts"}],"about":[{"href":"https:\/\/agora.xtec.cat\/ceip-torre-llauder-mataro\/wp-json\/wp\/v2\/types\/post"}],"author":[{"embeddable":true,"href":"https:\/\/agora.xtec.cat\/ceip-torre-llauder-mataro\/wp-json\/wp\/v2\/users\/21"}],"replies":[{"embeddable":true,"href":"https:\/\/agora.xtec.cat\/ceip-torre-llauder-mataro\/wp-json\/wp\/v2\/comments?post=4394"}],"version-history":[{"count":3,"href":"https:\/\/agora.xtec.cat\/ceip-torre-llauder-mataro\/wp-json\/wp\/v2\/posts\/4394\/revisions"}],"predecessor-version":[{"id":4404,"href":"https:\/\/agora.xtec.cat\/ceip-torre-llauder-mataro\/wp-json\/wp\/v2\/posts\/4394\/revisions\/4404"}],"wp:attachment":[{"href":"https:\/\/agora.xtec.cat\/ceip-torre-llauder-mataro\/wp-json\/wp\/v2\/media?parent=4394"}],"wp:term":[{"taxonomy":"category","embeddable":true,"href":"https:\/\/agora.xtec.cat\/ceip-torre-llauder-mataro\/wp-json\/wp\/v2\/categories?post=4394"},{"taxonomy":"post_tag","embeddable":true,"href":"https:\/\/agora.xtec.cat\/ceip-torre-llauder-mataro\/wp-json\/wp\/v2\/tags?post=4394"}],"curies":[{"name":"wp","href":"https:\/\/api.w.org\/{rel}","templated":true}]}}