{"id":4388,"date":"2021-04-06T20:14:26","date_gmt":"2021-04-06T18:14:26","guid":{"rendered":"http:\/\/agora.xtec.cat\/ceip-torre-llauder-mataro\/?p=4388"},"modified":"2021-04-06T20:14:26","modified_gmt":"2021-04-06T18:14:26","slug":"plastica-p5-volum","status":"publish","type":"post","link":"https:\/\/agora.xtec.cat\/ceip-torre-llauder-mataro\/infantil\/i5\/plastica-p5-volum\/","title":{"rendered":"PL\u00c0STICA P5 (VOLUM)"},"content":{"rendered":"<p>Durant el passat trimestre vam dedicar dues sessions de pl\u00e0stica a treballar el volum, en una d&#8217;elles vam fer FANG LLIURE i, en l&#8217;altre vam crear SORRA M\u00c0GICA CASOLANA, barrejant farina amb una mica d&#8217;oli. Ambdues activitats han estat molt interessants, sensorials i divertides!! <a href=\"https:\/\/photos.app.goo.gl\/9FBWpXNzgj3HNL599\">Mireu aqu\u00ed les fotos.<\/a><\/p>\n","protected":false},"excerpt":{"rendered":"<p>Durant el passat trimestre vam dedicar dues sessions de pl\u00e0stica a treballar el volum, en una d&#8217;elles vam fer FANG LLIURE i, en l&#8217;altre vam crear SORRA M\u00c0GICA CASOLANA, barrejant farina amb una mica d&#8217;oli. Ambdues activitats han estat molt interessants, sensorials i divertides!! <a&hellip;  <a href=\"https:\/\/agora.xtec.cat\/ceip-torre-llauder-mataro\/infantil\/i5\/plastica-p5-volum\/\" title=\"Read PL\u00c0STICA P5 (VOLUM)\">Llegeix m\u00e9s\u00bb<\/a><\/p>\n","protected":false},"author":21,"featured_media":0,"comment_status":"open","ping_status":"closed","sticky":false,"template":"","format":"standard","meta":{"_bbp_topic_count":0,"_bbp_reply_count":0,"_bbp_total_topic_count":0,"_bbp_total_reply_count":0,"_bbp_voice_count":0,"_bbp_anonymous_reply_count":0,"_bbp_topic_count_hidden":0,"_bbp_reply_count_hidden":0,"_bbp_forum_subforum_count":0,"footnotes":""},"categories":[8],"tags":[],"class_list":["post-4388","post","type-post","status-publish","format-standard","hentry","category-i5"],"post_mailing_queue_ids":[],"_links":{"self":[{"href":"https:\/\/agora.xtec.cat\/ceip-torre-llauder-mataro\/wp-json\/wp\/v2\/posts\/4388","targetHints":{"allow":["GET"]}}],"collection":[{"href":"https:\/\/agora.xtec.cat\/ceip-torre-llauder-mataro\/wp-json\/wp\/v2\/posts"}],"about":[{"href":"https:\/\/agora.xtec.cat\/ceip-torre-llauder-mataro\/wp-json\/wp\/v2\/types\/post"}],"author":[{"embeddable":true,"href":"https:\/\/agora.xtec.cat\/ceip-torre-llauder-mataro\/wp-json\/wp\/v2\/users\/21"}],"replies":[{"embeddable":true,"href":"https:\/\/agora.xtec.cat\/ceip-torre-llauder-mataro\/wp-json\/wp\/v2\/comments?post=4388"}],"version-history":[{"count":1,"href":"https:\/\/agora.xtec.cat\/ceip-torre-llauder-mataro\/wp-json\/wp\/v2\/posts\/4388\/revisions"}],"predecessor-version":[{"id":4389,"href":"https:\/\/agora.xtec.cat\/ceip-torre-llauder-mataro\/wp-json\/wp\/v2\/posts\/4388\/revisions\/4389"}],"wp:attachment":[{"href":"https:\/\/agora.xtec.cat\/ceip-torre-llauder-mataro\/wp-json\/wp\/v2\/media?parent=4388"}],"wp:term":[{"taxonomy":"category","embeddable":true,"href":"https:\/\/agora.xtec.cat\/ceip-torre-llauder-mataro\/wp-json\/wp\/v2\/categories?post=4388"},{"taxonomy":"post_tag","embeddable":true,"href":"https:\/\/agora.xtec.cat\/ceip-torre-llauder-mataro\/wp-json\/wp\/v2\/tags?post=4388"}],"curies":[{"name":"wp","href":"https:\/\/api.w.org\/{rel}","templated":true}]}}