{"id":4372,"date":"2021-03-29T11:20:34","date_gmt":"2021-03-29T09:20:34","guid":{"rendered":"http:\/\/agora.xtec.cat\/ceip-torre-llauder-mataro\/?p=4372"},"modified":"2021-03-29T11:20:34","modified_gmt":"2021-03-29T09:20:34","slug":"lhort-a-1r","status":"publish","type":"post","link":"https:\/\/agora.xtec.cat\/ceip-torre-llauder-mataro\/general\/lhort-a-1r\/","title":{"rendered":"L&#8217;HORT A 1r"},"content":{"rendered":"<p>Bon dia fam\u00edlies! Voleu saber qu\u00e8 hem treballat aquest trimestre? Doncs aqu\u00ed ho teniu!\ud83d\ude00<\/p>\n<p>Hem treballat el projecte de les plantes \ud83c\udf33\ud83c\udf3e\ud83c\udf3c\ud83c\udf3f\ud83c\udf43 i per tal que els alumnes poguessin experimentar amb aquestes de manera vivencial hem anat a l&#8217;hort de l&#8217;escola! \u00a0All\u00e0 hem treballat els diferents elements de l&#8217;hort i les eines que hem d&#8217;utilitzar en aquest. Tamb\u00e9 hem plantat enciams! Els alumnes han gaudit molt d&#8217;aquesta activitat!<\/p>\n<p>Cliqueu a la imatge per poder veure l&#8217;\u00e0lbum sencer!<\/p>\n<p><a href=\"https:\/\/photos.app.goo.gl\/oJexXHrcJnmCG6ga9\"><img loading=\"lazy\" decoding=\"async\" class=\"alignnone  wp-image-4373\" src=\"https:\/\/agora.xtec.cat\/ceip-torre-llauder-mataro\/wp-content\/uploads\/usu1425\/2021\/03\/12843-NOJGK3-1024x1024.jpg\" alt=\"\" width=\"206\" height=\"206\" srcset=\"https:\/\/agora.xtec.cat\/ceip-torre-llauder-mataro\/wp-content\/uploads\/usu1425\/2021\/03\/12843-NOJGK3-1024x1024.jpg 1024w, https:\/\/agora.xtec.cat\/ceip-torre-llauder-mataro\/wp-content\/uploads\/usu1425\/2021\/03\/12843-NOJGK3-150x150.jpg 150w, https:\/\/agora.xtec.cat\/ceip-torre-llauder-mataro\/wp-content\/uploads\/usu1425\/2021\/03\/12843-NOJGK3-300x300.jpg 300w, https:\/\/agora.xtec.cat\/ceip-torre-llauder-mataro\/wp-content\/uploads\/usu1425\/2021\/03\/12843-NOJGK3-768x768.jpg 768w, https:\/\/agora.xtec.cat\/ceip-torre-llauder-mataro\/wp-content\/uploads\/usu1425\/2021\/03\/12843-NOJGK3.jpg 1667w\" sizes=\"auto, (max-width: 206px) 100vw, 206px\" \/><\/a><\/p>\n","protected":false},"excerpt":{"rendered":"<p>Bon dia fam\u00edlies! Voleu saber qu\u00e8 hem treballat aquest trimestre? Doncs aqu\u00ed ho teniu!\ud83d\ude00<br \/>\nHem treballat el projecte de les plantes \ud83c\udf33\ud83c\udf3e\ud83c\udf3c\ud83c\udf3f\ud83c\udf43 i per tal que els alumnes poguessin experimentar amb aquestes de manera vivencial hem anat a l&#8217;hort de l&#8217;escola! \u00a0All\u00e0 hem treballat els diferents&hellip;  <a href=\"https:\/\/agora.xtec.cat\/ceip-torre-llauder-mataro\/general\/lhort-a-1r\/\" title=\"Read L&#8217;HORT A 1r\">Llegeix m\u00e9s\u00bb<\/a><\/p>\n","protected":false},"author":21,"featured_media":0,"comment_status":"open","ping_status":"closed","sticky":false,"template":"","format":"standard","meta":{"_bbp_topic_count":0,"_bbp_reply_count":0,"_bbp_total_topic_count":0,"_bbp_total_reply_count":0,"_bbp_voice_count":0,"_bbp_anonymous_reply_count":0,"_bbp_topic_count_hidden":0,"_bbp_reply_count_hidden":0,"_bbp_forum_subforum_count":0,"footnotes":""},"categories":[9,1,5],"tags":[],"class_list":["post-4372","post","type-post","status-publish","format-standard","hentry","category-1r","category-general","category-primaria"],"post_mailing_queue_ids":[],"_links":{"self":[{"href":"https:\/\/agora.xtec.cat\/ceip-torre-llauder-mataro\/wp-json\/wp\/v2\/posts\/4372","targetHints":{"allow":["GET"]}}],"collection":[{"href":"https:\/\/agora.xtec.cat\/ceip-torre-llauder-mataro\/wp-json\/wp\/v2\/posts"}],"about":[{"href":"https:\/\/agora.xtec.cat\/ceip-torre-llauder-mataro\/wp-json\/wp\/v2\/types\/post"}],"author":[{"embeddable":true,"href":"https:\/\/agora.xtec.cat\/ceip-torre-llauder-mataro\/wp-json\/wp\/v2\/users\/21"}],"replies":[{"embeddable":true,"href":"https:\/\/agora.xtec.cat\/ceip-torre-llauder-mataro\/wp-json\/wp\/v2\/comments?post=4372"}],"version-history":[{"count":2,"href":"https:\/\/agora.xtec.cat\/ceip-torre-llauder-mataro\/wp-json\/wp\/v2\/posts\/4372\/revisions"}],"predecessor-version":[{"id":4375,"href":"https:\/\/agora.xtec.cat\/ceip-torre-llauder-mataro\/wp-json\/wp\/v2\/posts\/4372\/revisions\/4375"}],"wp:attachment":[{"href":"https:\/\/agora.xtec.cat\/ceip-torre-llauder-mataro\/wp-json\/wp\/v2\/media?parent=4372"}],"wp:term":[{"taxonomy":"category","embeddable":true,"href":"https:\/\/agora.xtec.cat\/ceip-torre-llauder-mataro\/wp-json\/wp\/v2\/categories?post=4372"},{"taxonomy":"post_tag","embeddable":true,"href":"https:\/\/agora.xtec.cat\/ceip-torre-llauder-mataro\/wp-json\/wp\/v2\/tags?post=4372"}],"curies":[{"name":"wp","href":"https:\/\/api.w.org\/{rel}","templated":true}]}}