{"id":4354,"date":"2021-03-27T16:33:29","date_gmt":"2021-03-27T15:33:29","guid":{"rendered":"http:\/\/agora.xtec.cat\/ceip-torre-llauder-mataro\/?p=4354"},"modified":"2021-03-28T22:53:33","modified_gmt":"2021-03-28T20:53:33","slug":"sortida-primavera-dinfantil","status":"publish","type":"post","link":"https:\/\/agora.xtec.cat\/ceip-torre-llauder-mataro\/infantil\/sortida-primavera-dinfantil\/","title":{"rendered":"SORTIDA DE PRIMAVERA d&#8217;INFANTIL"},"content":{"rendered":"<p>Com ja \u00e9s tradici\u00f3 a la nostra escola, l&#8217;\u00faltim dia del segon trimestre fem la sortida de primavera.<\/p>\n<p>Aquesta vegada hem anat a Arenys de Munt. Els nens i les nenes de la classe de la geganta i de les diablesses vam passar un dia genial. Nom\u00e9s arribar vam agafar forces amb un bon esmorzar, i tot seguit vam fer una petita caminada per la muntanya. Vam descobrir moltes coses: cases de follets, la casa de la castanyera, algun ti\u00f3 descansant al mig del bosc&#8230;.<\/p>\n<p>A la tornada, vam dinar amb molta gana i vam jugar per l&#8217;explanada amb taps, pots i pales i galledes, i d&#8217;altres vam anar a passejar per la muntanya.<\/p>\n<p>Aqu\u00ed us deixem el recull d&#8217;imatges i esperem que gaudiu d&#8217;unes bones vacances. Ens veiem a la tornada.<\/p>\n<p><a href=\"https:\/\/photos.app.goo.gl\/w5XiP93zVMC1ByyE8\" target=\"_blank\" rel=\"noopener noreferrer\">Fotos sortida Primavera<\/a><\/p>\n","protected":false},"excerpt":{"rendered":"<p>Com ja \u00e9s tradici\u00f3 a la nostra escola, l&#8217;\u00faltim dia del segon trimestre fem la sortida de primavera.<br \/>\nAquesta vegada hem anat a Arenys de Munt. Els nens i les nenes de la classe de la geganta i de les diablesses vam passar un dia genial.&hellip;  <a href=\"https:\/\/agora.xtec.cat\/ceip-torre-llauder-mataro\/infantil\/sortida-primavera-dinfantil\/\" title=\"Read SORTIDA DE PRIMAVERA d&#8217;INFANTIL\">Llegeix m\u00e9s\u00bb<\/a><\/p>\n","protected":false},"author":7,"featured_media":0,"comment_status":"closed","ping_status":"closed","sticky":false,"template":"","format":"standard","meta":{"_bbp_topic_count":0,"_bbp_reply_count":0,"_bbp_total_topic_count":0,"_bbp_total_reply_count":0,"_bbp_voice_count":0,"_bbp_anonymous_reply_count":0,"_bbp_topic_count_hidden":0,"_bbp_reply_count_hidden":0,"_bbp_forum_subforum_count":0,"footnotes":""},"categories":[83,3,8,2,4],"tags":[177,180,178,57,179,16],"class_list":["post-4354","post","type-post","status-publish","format-standard","hentry","category-i3","category-i4","category-i5","category-infantil","category-portada","tag-infantil","tag-natura","tag-p3","tag-p4","tag-p5","tag-sortides"],"post_mailing_queue_ids":[],"_links":{"self":[{"href":"https:\/\/agora.xtec.cat\/ceip-torre-llauder-mataro\/wp-json\/wp\/v2\/posts\/4354","targetHints":{"allow":["GET"]}}],"collection":[{"href":"https:\/\/agora.xtec.cat\/ceip-torre-llauder-mataro\/wp-json\/wp\/v2\/posts"}],"about":[{"href":"https:\/\/agora.xtec.cat\/ceip-torre-llauder-mataro\/wp-json\/wp\/v2\/types\/post"}],"author":[{"embeddable":true,"href":"https:\/\/agora.xtec.cat\/ceip-torre-llauder-mataro\/wp-json\/wp\/v2\/users\/7"}],"replies":[{"embeddable":true,"href":"https:\/\/agora.xtec.cat\/ceip-torre-llauder-mataro\/wp-json\/wp\/v2\/comments?post=4354"}],"version-history":[{"count":3,"href":"https:\/\/agora.xtec.cat\/ceip-torre-llauder-mataro\/wp-json\/wp\/v2\/posts\/4354\/revisions"}],"predecessor-version":[{"id":4362,"href":"https:\/\/agora.xtec.cat\/ceip-torre-llauder-mataro\/wp-json\/wp\/v2\/posts\/4354\/revisions\/4362"}],"wp:attachment":[{"href":"https:\/\/agora.xtec.cat\/ceip-torre-llauder-mataro\/wp-json\/wp\/v2\/media?parent=4354"}],"wp:term":[{"taxonomy":"category","embeddable":true,"href":"https:\/\/agora.xtec.cat\/ceip-torre-llauder-mataro\/wp-json\/wp\/v2\/categories?post=4354"},{"taxonomy":"post_tag","embeddable":true,"href":"https:\/\/agora.xtec.cat\/ceip-torre-llauder-mataro\/wp-json\/wp\/v2\/tags?post=4354"}],"curies":[{"name":"wp","href":"https:\/\/api.w.org\/{rel}","templated":true}]}}