{"id":4332,"date":"2021-03-20T16:26:32","date_gmt":"2021-03-20T15:26:32","guid":{"rendered":"http:\/\/agora.xtec.cat\/ceip-torre-llauder-mataro\/?p=4332"},"modified":"2021-03-20T16:26:32","modified_gmt":"2021-03-20T15:26:32","slug":"racons-del-cos-huma-p5","status":"publish","type":"post","link":"https:\/\/agora.xtec.cat\/ceip-torre-llauder-mataro\/infantil\/racons-del-cos-huma-p5\/","title":{"rendered":"Racons del cos hum\u00e0 P5"},"content":{"rendered":"<p>Aquesta setmana hem treballat el funcionament del cos hum\u00e0 a trav\u00e9s dels diferents racons que hem proposat&#8230;. el bombeig del cor, els \u00f2ssos, el cos hum\u00e0 per dins, la sang i les plaquetes i la columna vertebral amb les seves v\u00e8rtebres. El tema del cos hum\u00e0 veiem que els est\u00e0 engrescant molt, aix\u00ed doncs dedicarem alguna setmana m\u00e9s a con\u00e8ixer m\u00e9s coses! Mireu les fotos, s\u00f3n molt divertides! \u2b07\ufe0f\u2b07\ufe0f\u2b07\ufe0f<\/p>\n<p><a href=\"https:\/\/photos.app.goo.gl\/m3BrjHzgECV8AQLW9\">Fotos racons cos hum\u00e0<\/a><\/p>\n","protected":false},"excerpt":{"rendered":"<p>Aquesta setmana hem treballat el funcionament del cos hum\u00e0 a trav\u00e9s dels diferents racons que hem proposat&#8230;. el bombeig del cor, els \u00f2ssos, el cos hum\u00e0 per dins, la sang i les plaquetes i la columna vertebral amb les seves v\u00e8rtebres. El tema del cos&hellip;  <a href=\"https:\/\/agora.xtec.cat\/ceip-torre-llauder-mataro\/infantil\/racons-del-cos-huma-p5\/\" title=\"Read Racons del cos hum\u00e0 P5\">Llegeix m\u00e9s\u00bb<\/a><\/p>\n","protected":false},"author":10,"featured_media":0,"comment_status":"open","ping_status":"closed","sticky":false,"template":"","format":"standard","meta":{"_bbp_topic_count":0,"_bbp_reply_count":0,"_bbp_total_topic_count":0,"_bbp_total_reply_count":0,"_bbp_voice_count":0,"_bbp_anonymous_reply_count":0,"_bbp_topic_count_hidden":0,"_bbp_reply_count_hidden":0,"_bbp_forum_subforum_count":0,"footnotes":""},"categories":[8,2],"tags":[],"class_list":["post-4332","post","type-post","status-publish","format-standard","hentry","category-i5","category-infantil"],"post_mailing_queue_ids":[],"_links":{"self":[{"href":"https:\/\/agora.xtec.cat\/ceip-torre-llauder-mataro\/wp-json\/wp\/v2\/posts\/4332","targetHints":{"allow":["GET"]}}],"collection":[{"href":"https:\/\/agora.xtec.cat\/ceip-torre-llauder-mataro\/wp-json\/wp\/v2\/posts"}],"about":[{"href":"https:\/\/agora.xtec.cat\/ceip-torre-llauder-mataro\/wp-json\/wp\/v2\/types\/post"}],"author":[{"embeddable":true,"href":"https:\/\/agora.xtec.cat\/ceip-torre-llauder-mataro\/wp-json\/wp\/v2\/users\/10"}],"replies":[{"embeddable":true,"href":"https:\/\/agora.xtec.cat\/ceip-torre-llauder-mataro\/wp-json\/wp\/v2\/comments?post=4332"}],"version-history":[{"count":1,"href":"https:\/\/agora.xtec.cat\/ceip-torre-llauder-mataro\/wp-json\/wp\/v2\/posts\/4332\/revisions"}],"predecessor-version":[{"id":4333,"href":"https:\/\/agora.xtec.cat\/ceip-torre-llauder-mataro\/wp-json\/wp\/v2\/posts\/4332\/revisions\/4333"}],"wp:attachment":[{"href":"https:\/\/agora.xtec.cat\/ceip-torre-llauder-mataro\/wp-json\/wp\/v2\/media?parent=4332"}],"wp:term":[{"taxonomy":"category","embeddable":true,"href":"https:\/\/agora.xtec.cat\/ceip-torre-llauder-mataro\/wp-json\/wp\/v2\/categories?post=4332"},{"taxonomy":"post_tag","embeddable":true,"href":"https:\/\/agora.xtec.cat\/ceip-torre-llauder-mataro\/wp-json\/wp\/v2\/tags?post=4332"}],"curies":[{"name":"wp","href":"https:\/\/api.w.org\/{rel}","templated":true}]}}