{"id":4325,"date":"2021-03-18T21:12:32","date_gmt":"2021-03-18T20:12:32","guid":{"rendered":"http:\/\/agora.xtec.cat\/ceip-torre-llauder-mataro\/?p=4325"},"modified":"2021-03-18T21:12:32","modified_gmt":"2021-03-18T20:12:32","slug":"desdoblament-de-matematiques-2","status":"publish","type":"post","link":"https:\/\/agora.xtec.cat\/ceip-torre-llauder-mataro\/infantil\/desdoblament-de-matematiques-2\/","title":{"rendered":"Desdoblament de matem\u00e0tiques"},"content":{"rendered":"<p>Al desdoblament de matem\u00e0tiques les diablesses s&#8217;ho passen molt b\u00e9.<\/p>\n<p>Ja sabeu que a l&#8217;escola treballem les matem\u00e0tiques els m\u00e9s vivencial possible i de manera\u00a0 manipulativa. Durant les \u00faltimes sessions hem fet activitats per refor\u00e7ar les formes geom\u00e8triques i els nombres.<\/p>\n<p>Amb les formes geom\u00e8triques van fer un joc per parelles on un infant havia destar amb els ulls tapats i havia d&#8217;endevinar la forma a trav\u00e9s de les preguntes i ajuda del company\/a.<\/p>\n<p>I amb els nombres estan realitzant diferents racons dins l&#8217;aula de desdoblament per recordar la grafia, la noci\u00f3 de quantitat, l&#8217;ordre, etc&#8230;.<\/p>\n<p>A ells els hi agrada molt i gaudeixen a mesura que aprenen. Esperem que tamb\u00e9 us agradin les fotos.<\/p>\n<p><a href=\"https:\/\/photos.app.goo.gl\/KsMf8s54tb7kbASw9\">Fotos matem\u00e0tiques<\/a><\/p>\n","protected":false},"excerpt":{"rendered":"<p>Al desdoblament de matem\u00e0tiques les diablesses s&#8217;ho passen molt b\u00e9.<br \/>\nJa sabeu que a l&#8217;escola treballem les matem\u00e0tiques els m\u00e9s vivencial possible i de manera\u00a0 manipulativa. Durant les \u00faltimes sessions hem fet activitats per refor\u00e7ar les formes geom\u00e8triques i els nombres.<br \/>\nAmb les formes geom\u00e8triques van fer&hellip;  <a href=\"https:\/\/agora.xtec.cat\/ceip-torre-llauder-mataro\/infantil\/desdoblament-de-matematiques-2\/\" title=\"Read Desdoblament de matem\u00e0tiques\">Llegeix m\u00e9s\u00bb<\/a><\/p>\n","protected":false},"author":7,"featured_media":0,"comment_status":"open","ping_status":"closed","sticky":false,"template":"","format":"standard","meta":{"_bbp_topic_count":0,"_bbp_reply_count":0,"_bbp_total_topic_count":0,"_bbp_total_reply_count":0,"_bbp_voice_count":0,"_bbp_anonymous_reply_count":0,"_bbp_topic_count_hidden":0,"_bbp_reply_count_hidden":0,"_bbp_forum_subforum_count":0,"footnotes":""},"categories":[3,2],"tags":[],"class_list":["post-4325","post","type-post","status-publish","format-standard","hentry","category-i4","category-infantil"],"post_mailing_queue_ids":[],"_links":{"self":[{"href":"https:\/\/agora.xtec.cat\/ceip-torre-llauder-mataro\/wp-json\/wp\/v2\/posts\/4325","targetHints":{"allow":["GET"]}}],"collection":[{"href":"https:\/\/agora.xtec.cat\/ceip-torre-llauder-mataro\/wp-json\/wp\/v2\/posts"}],"about":[{"href":"https:\/\/agora.xtec.cat\/ceip-torre-llauder-mataro\/wp-json\/wp\/v2\/types\/post"}],"author":[{"embeddable":true,"href":"https:\/\/agora.xtec.cat\/ceip-torre-llauder-mataro\/wp-json\/wp\/v2\/users\/7"}],"replies":[{"embeddable":true,"href":"https:\/\/agora.xtec.cat\/ceip-torre-llauder-mataro\/wp-json\/wp\/v2\/comments?post=4325"}],"version-history":[{"count":1,"href":"https:\/\/agora.xtec.cat\/ceip-torre-llauder-mataro\/wp-json\/wp\/v2\/posts\/4325\/revisions"}],"predecessor-version":[{"id":4326,"href":"https:\/\/agora.xtec.cat\/ceip-torre-llauder-mataro\/wp-json\/wp\/v2\/posts\/4325\/revisions\/4326"}],"wp:attachment":[{"href":"https:\/\/agora.xtec.cat\/ceip-torre-llauder-mataro\/wp-json\/wp\/v2\/media?parent=4325"}],"wp:term":[{"taxonomy":"category","embeddable":true,"href":"https:\/\/agora.xtec.cat\/ceip-torre-llauder-mataro\/wp-json\/wp\/v2\/categories?post=4325"},{"taxonomy":"post_tag","embeddable":true,"href":"https:\/\/agora.xtec.cat\/ceip-torre-llauder-mataro\/wp-json\/wp\/v2\/tags?post=4325"}],"curies":[{"name":"wp","href":"https:\/\/api.w.org\/{rel}","templated":true}]}}