{"id":4315,"date":"2021-03-11T22:54:05","date_gmt":"2021-03-11T21:54:05","guid":{"rendered":"http:\/\/agora.xtec.cat\/ceip-torre-llauder-mataro\/?p=4315"},"modified":"2021-03-11T23:14:45","modified_gmt":"2021-03-11T22:14:45","slug":"museu-de-la-xocolata","status":"publish","type":"post","link":"https:\/\/agora.xtec.cat\/ceip-torre-llauder-mataro\/infantil\/museu-de-la-xocolata\/","title":{"rendered":"Museu de la xocolata"},"content":{"rendered":"<p>Els nens i nenes de P3 hem fet el taller de la xocolata!!! Ens han explicat d&#8217;on surt la xocolata i hem pogut tocar, olorar i observar el cacao. Despr\u00e9s hem fet motlles amb xocolata desfeta i els hem portat al congelador. Per acabar hem pogut deixar anar la nostra imaginaci\u00f3 i creativitat dibuixant amb xocolata. I durant tot el proc\u00e9s hem pogut menjar i gaudir d&#8217;aquest aliment tan delici\u00f3s!!<\/p>\n<p><a href=\"https:\/\/photos.app.goo.gl\/omR5f2SPcLtAPEge7\">Fotos xocolata<\/a><\/p>\n","protected":false},"excerpt":{"rendered":"<p>Els nens i nenes de P3 hem fet el taller de la xocolata!!! Ens han explicat d&#8217;on surt la xocolata i hem pogut tocar, olorar i observar el cacao. Despr\u00e9s hem fet motlles amb xocolata desfeta i els hem portat al congelador. Per acabar hem&hellip;  <a href=\"https:\/\/agora.xtec.cat\/ceip-torre-llauder-mataro\/infantil\/museu-de-la-xocolata\/\" title=\"Read Museu de la xocolata\">Llegeix m\u00e9s\u00bb<\/a><\/p>\n","protected":false},"author":12,"featured_media":0,"comment_status":"open","ping_status":"closed","sticky":false,"template":"","format":"standard","meta":{"_bbp_topic_count":0,"_bbp_reply_count":0,"_bbp_total_topic_count":0,"_bbp_total_reply_count":0,"_bbp_voice_count":0,"_bbp_anonymous_reply_count":0,"_bbp_topic_count_hidden":0,"_bbp_reply_count_hidden":0,"_bbp_forum_subforum_count":0,"footnotes":""},"categories":[83,2],"tags":[],"class_list":["post-4315","post","type-post","status-publish","format-standard","hentry","category-i3","category-infantil"],"post_mailing_queue_ids":[],"_links":{"self":[{"href":"https:\/\/agora.xtec.cat\/ceip-torre-llauder-mataro\/wp-json\/wp\/v2\/posts\/4315","targetHints":{"allow":["GET"]}}],"collection":[{"href":"https:\/\/agora.xtec.cat\/ceip-torre-llauder-mataro\/wp-json\/wp\/v2\/posts"}],"about":[{"href":"https:\/\/agora.xtec.cat\/ceip-torre-llauder-mataro\/wp-json\/wp\/v2\/types\/post"}],"author":[{"embeddable":true,"href":"https:\/\/agora.xtec.cat\/ceip-torre-llauder-mataro\/wp-json\/wp\/v2\/users\/12"}],"replies":[{"embeddable":true,"href":"https:\/\/agora.xtec.cat\/ceip-torre-llauder-mataro\/wp-json\/wp\/v2\/comments?post=4315"}],"version-history":[{"count":2,"href":"https:\/\/agora.xtec.cat\/ceip-torre-llauder-mataro\/wp-json\/wp\/v2\/posts\/4315\/revisions"}],"predecessor-version":[{"id":4317,"href":"https:\/\/agora.xtec.cat\/ceip-torre-llauder-mataro\/wp-json\/wp\/v2\/posts\/4315\/revisions\/4317"}],"wp:attachment":[{"href":"https:\/\/agora.xtec.cat\/ceip-torre-llauder-mataro\/wp-json\/wp\/v2\/media?parent=4315"}],"wp:term":[{"taxonomy":"category","embeddable":true,"href":"https:\/\/agora.xtec.cat\/ceip-torre-llauder-mataro\/wp-json\/wp\/v2\/categories?post=4315"},{"taxonomy":"post_tag","embeddable":true,"href":"https:\/\/agora.xtec.cat\/ceip-torre-llauder-mataro\/wp-json\/wp\/v2\/tags?post=4315"}],"curies":[{"name":"wp","href":"https:\/\/api.w.org\/{rel}","templated":true}]}}