{"id":4292,"date":"2021-03-04T03:22:38","date_gmt":"2021-03-04T02:22:38","guid":{"rendered":"http:\/\/agora.xtec.cat\/ceip-torre-llauder-mataro\/?p=4292"},"modified":"2021-03-04T03:22:38","modified_gmt":"2021-03-04T02:22:38","slug":"pintem-amb-glacons","status":"publish","type":"post","link":"https:\/\/agora.xtec.cat\/ceip-torre-llauder-mataro\/infantil\/pintem-amb-glacons\/","title":{"rendered":"Pintem amb gla\u00e7ons"},"content":{"rendered":"<p>Els nens i nenes de P3 hem pintat amb gla\u00e7ons de colors relacionant aquesta activitat amb la Unitat did\u00e0ctica de l&#8217;hivern.<\/p>\n<p>Hem dedicat dos sessions d&#8217;experimentaci\u00f3. A la primera vam parlar sobre quin color t\u00e9 l&#8217;aigua i vam posar-li diferents colorants per canviar el seu color. Despr\u00e9s vam ficar el l\u00edquid en unes bosses per a congelar. A la seg\u00fcent sessi\u00f3 ja teniem els gla\u00e7ons preparats per a poder pintar amb ells!!<\/p>\n<p><a href=\"https:\/\/photos.app.goo.gl\/i7KV1a11HavtBTJj6\">Fotos gla\u00e7ons<\/a><\/p>\n","protected":false},"excerpt":{"rendered":"<p>Els nens i nenes de P3 hem pintat amb gla\u00e7ons de colors relacionant aquesta activitat amb la Unitat did\u00e0ctica de l&#8217;hivern.<br \/>\nHem dedicat dos sessions d&#8217;experimentaci\u00f3. A la primera vam parlar sobre quin color t\u00e9 l&#8217;aigua i vam posar-li diferents colorants per canviar el seu color.&hellip;  <a href=\"https:\/\/agora.xtec.cat\/ceip-torre-llauder-mataro\/infantil\/pintem-amb-glacons\/\" title=\"Read Pintem amb gla\u00e7ons\">Llegeix m\u00e9s\u00bb<\/a><\/p>\n","protected":false},"author":12,"featured_media":0,"comment_status":"open","ping_status":"closed","sticky":false,"template":"","format":"standard","meta":{"_bbp_topic_count":0,"_bbp_reply_count":0,"_bbp_total_topic_count":0,"_bbp_total_reply_count":0,"_bbp_voice_count":0,"_bbp_anonymous_reply_count":0,"_bbp_topic_count_hidden":0,"_bbp_reply_count_hidden":0,"_bbp_forum_subforum_count":0,"footnotes":""},"categories":[83,2],"tags":[],"class_list":["post-4292","post","type-post","status-publish","format-standard","hentry","category-i3","category-infantil"],"post_mailing_queue_ids":[],"_links":{"self":[{"href":"https:\/\/agora.xtec.cat\/ceip-torre-llauder-mataro\/wp-json\/wp\/v2\/posts\/4292","targetHints":{"allow":["GET"]}}],"collection":[{"href":"https:\/\/agora.xtec.cat\/ceip-torre-llauder-mataro\/wp-json\/wp\/v2\/posts"}],"about":[{"href":"https:\/\/agora.xtec.cat\/ceip-torre-llauder-mataro\/wp-json\/wp\/v2\/types\/post"}],"author":[{"embeddable":true,"href":"https:\/\/agora.xtec.cat\/ceip-torre-llauder-mataro\/wp-json\/wp\/v2\/users\/12"}],"replies":[{"embeddable":true,"href":"https:\/\/agora.xtec.cat\/ceip-torre-llauder-mataro\/wp-json\/wp\/v2\/comments?post=4292"}],"version-history":[{"count":1,"href":"https:\/\/agora.xtec.cat\/ceip-torre-llauder-mataro\/wp-json\/wp\/v2\/posts\/4292\/revisions"}],"predecessor-version":[{"id":4293,"href":"https:\/\/agora.xtec.cat\/ceip-torre-llauder-mataro\/wp-json\/wp\/v2\/posts\/4292\/revisions\/4293"}],"wp:attachment":[{"href":"https:\/\/agora.xtec.cat\/ceip-torre-llauder-mataro\/wp-json\/wp\/v2\/media?parent=4292"}],"wp:term":[{"taxonomy":"category","embeddable":true,"href":"https:\/\/agora.xtec.cat\/ceip-torre-llauder-mataro\/wp-json\/wp\/v2\/categories?post=4292"},{"taxonomy":"post_tag","embeddable":true,"href":"https:\/\/agora.xtec.cat\/ceip-torre-llauder-mataro\/wp-json\/wp\/v2\/tags?post=4292"}],"curies":[{"name":"wp","href":"https:\/\/api.w.org\/{rel}","templated":true}]}}