{"id":4277,"date":"2021-02-28T17:28:00","date_gmt":"2021-02-28T16:28:00","guid":{"rendered":"http:\/\/agora.xtec.cat\/ceip-torre-llauder-mataro\/?p=4277"},"modified":"2021-02-28T17:28:00","modified_gmt":"2021-02-28T16:28:00","slug":"les-pruneres-del-pati-han-florit-p5","status":"publish","type":"post","link":"https:\/\/agora.xtec.cat\/ceip-torre-llauder-mataro\/general\/les-pruneres-del-pati-han-florit-p5\/","title":{"rendered":"Les pruneres del pati han florit (P5)"},"content":{"rendered":"<p>Dijous a la tarda vam sortir al pati a fer observaci\u00f3 directa dels arbres del pati. Tenim molta sort ja que en tenim molts, i de molts tipus diferents!! Els hem pogut mirar, tocar, comparar&#8230; i veure com han anat canviant des de que vam comen\u00e7ar l&#8217;escola. Finalment ens hem fixat en alguna de les pruneres (que ja han comen\u00e7at a florir) i l&#8217;hem dibuixat fixant-nos b\u00e9. Els detalls els hem pogut acabar a l&#8217;aula tot obervant amb lupes una branqueta i els resultats han estat espectacular, podeu veure<a href=\"https:\/\/photos.app.goo.gl\/gcxQ4zxn5umdrECy7\"> aqu\u00ed les fotos dibuixant la prunera.<\/a><\/p>\n","protected":false},"excerpt":{"rendered":"<p>Dijous a la tarda vam sortir al pati a fer observaci\u00f3 directa dels arbres del pati. Tenim molta sort ja que en tenim molts, i de molts tipus diferents!! Els hem pogut mirar, tocar, comparar&#8230; i veure com han anat canviant des de que vam&hellip;  <a href=\"https:\/\/agora.xtec.cat\/ceip-torre-llauder-mataro\/general\/les-pruneres-del-pati-han-florit-p5\/\" title=\"Read Les pruneres del pati han florit (P5)\">Llegeix m\u00e9s\u00bb<\/a><\/p>\n","protected":false},"author":21,"featured_media":0,"comment_status":"open","ping_status":"closed","sticky":false,"template":"","format":"standard","meta":{"_bbp_topic_count":0,"_bbp_reply_count":0,"_bbp_total_topic_count":0,"_bbp_total_reply_count":0,"_bbp_voice_count":0,"_bbp_anonymous_reply_count":0,"_bbp_topic_count_hidden":0,"_bbp_reply_count_hidden":0,"_bbp_forum_subforum_count":0,"footnotes":""},"categories":[1,8],"tags":[],"class_list":["post-4277","post","type-post","status-publish","format-standard","hentry","category-general","category-i5"],"post_mailing_queue_ids":[],"_links":{"self":[{"href":"https:\/\/agora.xtec.cat\/ceip-torre-llauder-mataro\/wp-json\/wp\/v2\/posts\/4277","targetHints":{"allow":["GET"]}}],"collection":[{"href":"https:\/\/agora.xtec.cat\/ceip-torre-llauder-mataro\/wp-json\/wp\/v2\/posts"}],"about":[{"href":"https:\/\/agora.xtec.cat\/ceip-torre-llauder-mataro\/wp-json\/wp\/v2\/types\/post"}],"author":[{"embeddable":true,"href":"https:\/\/agora.xtec.cat\/ceip-torre-llauder-mataro\/wp-json\/wp\/v2\/users\/21"}],"replies":[{"embeddable":true,"href":"https:\/\/agora.xtec.cat\/ceip-torre-llauder-mataro\/wp-json\/wp\/v2\/comments?post=4277"}],"version-history":[{"count":1,"href":"https:\/\/agora.xtec.cat\/ceip-torre-llauder-mataro\/wp-json\/wp\/v2\/posts\/4277\/revisions"}],"predecessor-version":[{"id":4284,"href":"https:\/\/agora.xtec.cat\/ceip-torre-llauder-mataro\/wp-json\/wp\/v2\/posts\/4277\/revisions\/4284"}],"wp:attachment":[{"href":"https:\/\/agora.xtec.cat\/ceip-torre-llauder-mataro\/wp-json\/wp\/v2\/media?parent=4277"}],"wp:term":[{"taxonomy":"category","embeddable":true,"href":"https:\/\/agora.xtec.cat\/ceip-torre-llauder-mataro\/wp-json\/wp\/v2\/categories?post=4277"},{"taxonomy":"post_tag","embeddable":true,"href":"https:\/\/agora.xtec.cat\/ceip-torre-llauder-mataro\/wp-json\/wp\/v2\/tags?post=4277"}],"curies":[{"name":"wp","href":"https:\/\/api.w.org\/{rel}","templated":true}]}}