{"id":4182,"date":"2021-01-29T17:57:52","date_gmt":"2021-01-29T16:57:52","guid":{"rendered":"http:\/\/agora.xtec.cat\/ceip-torre-llauder-mataro\/?p=4182"},"modified":"2021-01-29T17:59:07","modified_gmt":"2021-01-29T16:59:07","slug":"denip-al-parvulari","status":"publish","type":"post","link":"https:\/\/agora.xtec.cat\/ceip-torre-llauder-mataro\/infantil\/denip-al-parvulari\/","title":{"rendered":"DENIP al parvulari"},"content":{"rendered":"<p>Fam\u00edlies, com ja sabeu, avui hem celebrat el DENIP (DIADA ESCOLAR DE LA NO VIOL\u00c8NCIA I LA PAU).<\/p>\n<p>Els nens i nenes de p3, p4 i p5 hem preparat unes mans de colors per decorar el nostre arbre del vest\u00edbul. Durant el dia hem vist alguns curtmetratges sobre la Pau i hem conversat sobre la import\u00e0ncia de no barallar-nos i intentar entre tots tenir un m\u00f3n on tothom s&#8217;estimi una mica m\u00e9s.<\/p>\n<p><a href=\"https:\/\/photos.app.goo.gl\/VwN27Pt82F5EX7b68\">FOTOS DENIP<\/a><\/p>\n","protected":false},"excerpt":{"rendered":"<p>Fam\u00edlies, com ja sabeu, avui hem celebrat el DENIP (DIADA ESCOLAR DE LA NO VIOL\u00c8NCIA I LA PAU).<br \/>\nEls nens i nenes de p3, p4 i p5 hem preparat unes mans de colors per decorar el nostre arbre del vest\u00edbul. Durant el dia hem vist alguns&hellip;  <a href=\"https:\/\/agora.xtec.cat\/ceip-torre-llauder-mataro\/infantil\/denip-al-parvulari\/\" title=\"Read DENIP al parvulari\">Llegeix m\u00e9s\u00bb<\/a><\/p>\n","protected":false},"author":7,"featured_media":0,"comment_status":"open","ping_status":"closed","sticky":false,"template":"","format":"standard","meta":{"_bbp_topic_count":0,"_bbp_reply_count":0,"_bbp_total_topic_count":0,"_bbp_total_reply_count":0,"_bbp_voice_count":0,"_bbp_anonymous_reply_count":0,"_bbp_topic_count_hidden":0,"_bbp_reply_count_hidden":0,"_bbp_forum_subforum_count":0,"footnotes":""},"categories":[83,3,8,2],"tags":[],"class_list":["post-4182","post","type-post","status-publish","format-standard","hentry","category-i3","category-i4","category-i5","category-infantil"],"post_mailing_queue_ids":[],"_links":{"self":[{"href":"https:\/\/agora.xtec.cat\/ceip-torre-llauder-mataro\/wp-json\/wp\/v2\/posts\/4182","targetHints":{"allow":["GET"]}}],"collection":[{"href":"https:\/\/agora.xtec.cat\/ceip-torre-llauder-mataro\/wp-json\/wp\/v2\/posts"}],"about":[{"href":"https:\/\/agora.xtec.cat\/ceip-torre-llauder-mataro\/wp-json\/wp\/v2\/types\/post"}],"author":[{"embeddable":true,"href":"https:\/\/agora.xtec.cat\/ceip-torre-llauder-mataro\/wp-json\/wp\/v2\/users\/7"}],"replies":[{"embeddable":true,"href":"https:\/\/agora.xtec.cat\/ceip-torre-llauder-mataro\/wp-json\/wp\/v2\/comments?post=4182"}],"version-history":[{"count":2,"href":"https:\/\/agora.xtec.cat\/ceip-torre-llauder-mataro\/wp-json\/wp\/v2\/posts\/4182\/revisions"}],"predecessor-version":[{"id":4185,"href":"https:\/\/agora.xtec.cat\/ceip-torre-llauder-mataro\/wp-json\/wp\/v2\/posts\/4182\/revisions\/4185"}],"wp:attachment":[{"href":"https:\/\/agora.xtec.cat\/ceip-torre-llauder-mataro\/wp-json\/wp\/v2\/media?parent=4182"}],"wp:term":[{"taxonomy":"category","embeddable":true,"href":"https:\/\/agora.xtec.cat\/ceip-torre-llauder-mataro\/wp-json\/wp\/v2\/categories?post=4182"},{"taxonomy":"post_tag","embeddable":true,"href":"https:\/\/agora.xtec.cat\/ceip-torre-llauder-mataro\/wp-json\/wp\/v2\/tags?post=4182"}],"curies":[{"name":"wp","href":"https:\/\/api.w.org\/{rel}","templated":true}]}}