{"id":4154,"date":"2021-01-20T16:39:28","date_gmt":"2021-01-20T15:39:28","guid":{"rendered":"http:\/\/agora.xtec.cat\/ceip-torre-llauder-mataro\/?p=4154"},"modified":"2021-01-20T16:41:45","modified_gmt":"2021-01-20T15:41:45","slug":"la-lectura-a-casa","status":"publish","type":"post","link":"https:\/\/agora.xtec.cat\/ceip-torre-llauder-mataro\/biblioteca\/la-lectura-a-casa\/","title":{"rendered":"LA LECTURA A CASA"},"content":{"rendered":"<p><span style=\"font-weight: 400;\">Tots sabem que la lectura \u00e9s l\u2019eina que ens permet arribar al coneixement, al m\u00f3n de la imaginaci\u00f3, de la fantasia i ens obre la ment a con\u00e8ixer altres maneres de pensar, viure i ser.<\/span><\/p>\n<p><span style=\"font-weight: 400;\">Podem afirmar que <\/span><b>la lectura ens fa m\u00e9s lliures.<\/b><\/p>\n<p><span style=\"font-weight: 400;\">Els bons lectors acostumen a ser bons estudiants, ja que entenen els nous conceptes i\u00a0 explicacions, es concentren amb m\u00e9s facilitat i tenen m\u00e9s mem\u00f2ria.<\/span><\/p>\n<p><span style=\"font-weight: 400;\">L\u2019escola fomenta la lectura dels nens i nenes, per\u00f2 fer dels vostres fills\/es uns petits\/grans lectors, <\/span><span style=\"font-weight: 400;\">dep\u00e8n en gran mesura de la vostra tasca. <a href=\"https:\/\/agora.xtec.cat\/ceip-torre-llauder-mataro\/wp-content\/uploads\/usu1425\/2021\/01\/padre-hijos-leyendo-libro-pasar-tiempo-juntos-casa-tumbados-suelo_155404-685.jpg\"><img loading=\"lazy\" decoding=\"async\" class=\" wp-image-4156 aligncenter\" src=\"https:\/\/agora.xtec.cat\/ceip-torre-llauder-mataro\/wp-content\/uploads\/usu1425\/2021\/01\/padre-hijos-leyendo-libro-pasar-tiempo-juntos-casa-tumbados-suelo_155404-685-150x150.jpg\" alt=\"\" width=\"183\" height=\"183\" \/><\/a><\/span><\/p>\n<p><span style=\"font-weight: 400;\">La Generalitat de Catalunya ens presenta una<\/span> <span style=\"font-weight: 400;\">s\u00e8rie de recomanacions que us poden ajudar a aconseguir que els vostres fills trobin el gust per la lectura:\u00a0<a href=\"http:\/\/educacio.gencat.cat\/ca\/arees-actuacio\/families\/temps-familia\/lectura\/introduccio\/\">http:\/\/educacio.gencat.cat\/ca\/arees-actuacio\/families\/temps-familia\/lectura\/introduccio\/<\/a><\/span><\/p>\n<ol>\n<li><span style=\"font-weight: 400;\">Intenteu que us vegin llegir a cas\u00a0 \u00a0 \u00a0 \u00a0 \u00a0 \u00a0 \u00a0 \u00a0 \u00a0 \u00a0 \u00a0 \u00a0 \u00a0 \u00a0 \u00a0 \u00a0 \u00a0 \u00a0 \u00a0 \u00a0 \u00a0 \u00a0 \u00a0 \u00a0 \u00a0 \u00a0 \u00a0 \u00a0 <\/span><\/li>\n<li style=\"font-weight: 400;\" aria-level=\"1\"><span style=\"font-weight: 400;\">Llegiu en veu alta als vostres fills quan s\u00f3n petits<\/span><\/li>\n<li style=\"font-weight: 400;\" aria-level=\"1\"><span style=\"font-weight: 400;\">Practiqueu la lectura de deu a vint minuts cada dia amb ells.<\/span><\/li>\n<li style=\"font-weight: 400;\" aria-level=\"1\"><span style=\"font-weight: 400;\">Valoreu el vostre fill quan estigui llegint<\/span><\/li>\n<li style=\"font-weight: 400;\" aria-level=\"1\"><span style=\"font-weight: 400;\">Cal que tingueu a casa llibres que els interessin<\/span><\/li>\n<li style=\"font-weight: 400;\" aria-level=\"1\"><span style=\"font-weight: 400;\">\u00c9s important que disposeu d&#8217;un lloc agradable per llegir\u00a0<\/span><\/li>\n<li style=\"font-weight: 400;\" aria-level=\"1\"><span style=\"font-weight: 400;\">Ajudeu-los a planificar un temps per a la lectura<\/span><\/li>\n<li style=\"font-weight: 400;\" aria-level=\"1\"><span style=\"font-weight: 400;\">Doneu-los a con\u00e8ixer altres formats, com els llibres digitals<\/span><\/li>\n<li style=\"font-weight: 400;\" aria-level=\"1\"><span style=\"font-weight: 400;\">Interesseu-vos per les seves lectures de classe<\/span><\/li>\n<li style=\"font-weight: 400;\" aria-level=\"1\"><span style=\"font-weight: 400;\">Feu amb ells activitats al voltant dels llibres<\/span><\/li>\n<li style=\"font-weight: 400;\" aria-level=\"1\"><span style=\"font-weight: 400;\">Mireu amb els vostres fills pel\u00b7l\u00edcules basades en llibres<\/span><\/li>\n<\/ol>\n","protected":false},"excerpt":{"rendered":"<p>La import\u00e0ncia de llegir a casa.&hellip;  <a href=\"https:\/\/agora.xtec.cat\/ceip-torre-llauder-mataro\/biblioteca\/la-lectura-a-casa\/\" title=\"Read LA LECTURA A CASA\">Llegeix m\u00e9s\u00bb<\/a><\/p>\n","protected":false},"author":1,"featured_media":0,"comment_status":"open","ping_status":"closed","sticky":false,"template":"","format":"standard","meta":{"_bbp_topic_count":0,"_bbp_reply_count":0,"_bbp_total_topic_count":0,"_bbp_total_reply_count":0,"_bbp_voice_count":0,"_bbp_anonymous_reply_count":0,"_bbp_topic_count_hidden":0,"_bbp_reply_count_hidden":0,"_bbp_forum_subforum_count":0,"footnotes":""},"categories":[154,175],"tags":[95],"class_list":["post-4154","post","type-post","status-publish","format-standard","hentry","category-biblioteca","category-families","tag-biblioteca-boleret"],"post_mailing_queue_ids":[],"_links":{"self":[{"href":"https:\/\/agora.xtec.cat\/ceip-torre-llauder-mataro\/wp-json\/wp\/v2\/posts\/4154","targetHints":{"allow":["GET"]}}],"collection":[{"href":"https:\/\/agora.xtec.cat\/ceip-torre-llauder-mataro\/wp-json\/wp\/v2\/posts"}],"about":[{"href":"https:\/\/agora.xtec.cat\/ceip-torre-llauder-mataro\/wp-json\/wp\/v2\/types\/post"}],"author":[{"embeddable":true,"href":"https:\/\/agora.xtec.cat\/ceip-torre-llauder-mataro\/wp-json\/wp\/v2\/users\/1"}],"replies":[{"embeddable":true,"href":"https:\/\/agora.xtec.cat\/ceip-torre-llauder-mataro\/wp-json\/wp\/v2\/comments?post=4154"}],"version-history":[{"count":2,"href":"https:\/\/agora.xtec.cat\/ceip-torre-llauder-mataro\/wp-json\/wp\/v2\/posts\/4154\/revisions"}],"predecessor-version":[{"id":4158,"href":"https:\/\/agora.xtec.cat\/ceip-torre-llauder-mataro\/wp-json\/wp\/v2\/posts\/4154\/revisions\/4158"}],"wp:attachment":[{"href":"https:\/\/agora.xtec.cat\/ceip-torre-llauder-mataro\/wp-json\/wp\/v2\/media?parent=4154"}],"wp:term":[{"taxonomy":"category","embeddable":true,"href":"https:\/\/agora.xtec.cat\/ceip-torre-llauder-mataro\/wp-json\/wp\/v2\/categories?post=4154"},{"taxonomy":"post_tag","embeddable":true,"href":"https:\/\/agora.xtec.cat\/ceip-torre-llauder-mataro\/wp-json\/wp\/v2\/tags?post=4154"}],"curies":[{"name":"wp","href":"https:\/\/api.w.org\/{rel}","templated":true}]}}