{"id":4124,"date":"2021-01-15T12:06:41","date_gmt":"2021-01-15T11:06:41","guid":{"rendered":"http:\/\/agora.xtec.cat\/ceip-torre-llauder-mataro\/?p=4124"},"modified":"2021-01-15T12:06:41","modified_gmt":"2021-01-15T11:06:41","slug":"joc-simbolic-2n-trimestre-3","status":"publish","type":"post","link":"https:\/\/agora.xtec.cat\/ceip-torre-llauder-mataro\/infantil\/joc-simbolic-2n-trimestre-3\/","title":{"rendered":"JOC SIMB\u00d2LIC 2n trimestre"},"content":{"rendered":"<p>Comencem el joc simb\u00f2lic del 2n trimestre. Una tarda ben entretinguda on tot \u00e9s jugar, jugar i jugar. Els m\u00e9s petits de l&#8217;escola es converteixen en doctores i doctors, en pacients, en cuineres i cuiners, en mares i pares, en constructores i cinstructors, en mec\u00e0nics de cotxes, en princeses, en pallassos o en bombers. \u00c9s fant\u00e0stic veure&#8217;ls riure i passar-ho b\u00e9.<\/p>\n<p><strong>Si voleu veure les fotos, cliqueu a la imatge de sota \ud83d\ude03<\/strong><\/p>\n<p><a href=\"https:\/\/photos.app.goo.gl\/eWbLRDYZ19EU74Bo8\"><img loading=\"lazy\" decoding=\"async\" class=\"aligncenter\" src=\"https:\/\/agora.xtec.cat\/ceipvallpalau\/wp-content\/uploads\/usu984\/2020\/02\/joan-turu-estiu-300x233.jpg\" alt=\"Joc simb\u00f2lic a P3 | Escola Vall de Palau\" width=\"371\" height=\"288\" \/><\/a><\/p>\n","protected":false},"excerpt":{"rendered":"<p>Comencem el joc simb\u00f2lic del 2n trimestre. Una tarda ben entretinguda on tot \u00e9s jugar, jugar i jugar. Els m\u00e9s petits de l&#8217;escola es converteixen en doctores i doctors, en pacients, en cuineres i cuiners, en mares i pares, en constructores i cinstructors, en mec\u00e0nics&hellip;  <a href=\"https:\/\/agora.xtec.cat\/ceip-torre-llauder-mataro\/infantil\/joc-simbolic-2n-trimestre-3\/\" title=\"Read JOC SIMB\u00d2LIC 2n trimestre\">Llegeix m\u00e9s\u00bb<\/a><\/p>\n","protected":false},"author":21,"featured_media":0,"comment_status":"open","ping_status":"closed","sticky":false,"template":"","format":"standard","meta":{"_bbp_topic_count":0,"_bbp_reply_count":0,"_bbp_total_topic_count":0,"_bbp_total_reply_count":0,"_bbp_voice_count":0,"_bbp_anonymous_reply_count":0,"_bbp_topic_count_hidden":0,"_bbp_reply_count_hidden":0,"_bbp_forum_subforum_count":0,"footnotes":""},"categories":[83,2],"tags":[],"class_list":["post-4124","post","type-post","status-publish","format-standard","hentry","category-i3","category-infantil"],"post_mailing_queue_ids":[],"_links":{"self":[{"href":"https:\/\/agora.xtec.cat\/ceip-torre-llauder-mataro\/wp-json\/wp\/v2\/posts\/4124","targetHints":{"allow":["GET"]}}],"collection":[{"href":"https:\/\/agora.xtec.cat\/ceip-torre-llauder-mataro\/wp-json\/wp\/v2\/posts"}],"about":[{"href":"https:\/\/agora.xtec.cat\/ceip-torre-llauder-mataro\/wp-json\/wp\/v2\/types\/post"}],"author":[{"embeddable":true,"href":"https:\/\/agora.xtec.cat\/ceip-torre-llauder-mataro\/wp-json\/wp\/v2\/users\/21"}],"replies":[{"embeddable":true,"href":"https:\/\/agora.xtec.cat\/ceip-torre-llauder-mataro\/wp-json\/wp\/v2\/comments?post=4124"}],"version-history":[{"count":1,"href":"https:\/\/agora.xtec.cat\/ceip-torre-llauder-mataro\/wp-json\/wp\/v2\/posts\/4124\/revisions"}],"predecessor-version":[{"id":4125,"href":"https:\/\/agora.xtec.cat\/ceip-torre-llauder-mataro\/wp-json\/wp\/v2\/posts\/4124\/revisions\/4125"}],"wp:attachment":[{"href":"https:\/\/agora.xtec.cat\/ceip-torre-llauder-mataro\/wp-json\/wp\/v2\/media?parent=4124"}],"wp:term":[{"taxonomy":"category","embeddable":true,"href":"https:\/\/agora.xtec.cat\/ceip-torre-llauder-mataro\/wp-json\/wp\/v2\/categories?post=4124"},{"taxonomy":"post_tag","embeddable":true,"href":"https:\/\/agora.xtec.cat\/ceip-torre-llauder-mataro\/wp-json\/wp\/v2\/tags?post=4124"}],"curies":[{"name":"wp","href":"https:\/\/api.w.org\/{rel}","templated":true}]}}