{"id":4119,"date":"2021-01-15T11:17:20","date_gmt":"2021-01-15T10:17:20","guid":{"rendered":"http:\/\/agora.xtec.cat\/ceip-torre-llauder-mataro\/?p=4119"},"modified":"2021-01-15T11:17:56","modified_gmt":"2021-01-15T10:17:56","slug":"racons-de-treball-2n-trimestre","status":"publish","type":"post","link":"https:\/\/agora.xtec.cat\/ceip-torre-llauder-mataro\/infantil\/racons-de-treball-2n-trimestre\/","title":{"rendered":"RACONS DE TREBALL 2n trimestre"},"content":{"rendered":"<p>Comencem els racons del 2n trimestre amb activitats ben divertides. Amb el fred que fa qu\u00e8 millor que treballar l&#8217;hivern.Doncs aix\u00ed ho hem fet: Racons de llenguatge, de motricitat fina, de creativitat, d&#8217;experimentaci\u00f3, de matem\u00e0tiques, de l\u00f2gica, del nostre entorn amb el nostre amic el Senyor Potato&#8230; ell ens ajudar\u00e0 a aprendre les parts principals de la cara i del cos.<\/p>\n<p>Al llarg d&#8217;aquest 2n trimestre anirem penjant les fotos de les diferents actvitats que incorporem als racons.<\/p>\n<p>Si voleu veure les fotos cliqueu a la imatge \ud83d\ude09<\/p>\n<p><a href=\"https:\/\/photos.app.goo.gl\/WVJKnzWLVYSo1k6m9\"><img loading=\"lazy\" decoding=\"async\" class=\"aligncenter\" src=\"https:\/\/blocs.xtec.cat\/raconsdetreball\/files\/2018\/10\/racons-treball-cap%C3%A7alera-1.jpg\" alt=\"Continguts | Racons de Treball\" width=\"745\" height=\"290\" \/><\/a><\/p>\n","protected":false},"excerpt":{"rendered":"<p>Comencem els racons del 2n trimestre amb activitats ben divertides. Amb el fred que fa qu\u00e8 millor que treballar l&#8217;hivern.Doncs aix\u00ed ho hem fet: Racons de llenguatge, de motricitat fina, de creativitat, d&#8217;experimentaci\u00f3, de matem\u00e0tiques, de l\u00f2gica, del nostre entorn amb el nostre amic el&hellip;  <a href=\"https:\/\/agora.xtec.cat\/ceip-torre-llauder-mataro\/infantil\/racons-de-treball-2n-trimestre\/\" title=\"Read RACONS DE TREBALL 2n trimestre\">Llegeix m\u00e9s\u00bb<\/a><\/p>\n","protected":false},"author":21,"featured_media":0,"comment_status":"open","ping_status":"closed","sticky":false,"template":"","format":"standard","meta":{"_bbp_topic_count":0,"_bbp_reply_count":0,"_bbp_total_topic_count":0,"_bbp_total_reply_count":0,"_bbp_voice_count":0,"_bbp_anonymous_reply_count":0,"_bbp_topic_count_hidden":0,"_bbp_reply_count_hidden":0,"_bbp_forum_subforum_count":0,"footnotes":""},"categories":[83,2],"tags":[],"class_list":["post-4119","post","type-post","status-publish","format-standard","hentry","category-i3","category-infantil"],"post_mailing_queue_ids":[],"_links":{"self":[{"href":"https:\/\/agora.xtec.cat\/ceip-torre-llauder-mataro\/wp-json\/wp\/v2\/posts\/4119","targetHints":{"allow":["GET"]}}],"collection":[{"href":"https:\/\/agora.xtec.cat\/ceip-torre-llauder-mataro\/wp-json\/wp\/v2\/posts"}],"about":[{"href":"https:\/\/agora.xtec.cat\/ceip-torre-llauder-mataro\/wp-json\/wp\/v2\/types\/post"}],"author":[{"embeddable":true,"href":"https:\/\/agora.xtec.cat\/ceip-torre-llauder-mataro\/wp-json\/wp\/v2\/users\/21"}],"replies":[{"embeddable":true,"href":"https:\/\/agora.xtec.cat\/ceip-torre-llauder-mataro\/wp-json\/wp\/v2\/comments?post=4119"}],"version-history":[{"count":3,"href":"https:\/\/agora.xtec.cat\/ceip-torre-llauder-mataro\/wp-json\/wp\/v2\/posts\/4119\/revisions"}],"predecessor-version":[{"id":4123,"href":"https:\/\/agora.xtec.cat\/ceip-torre-llauder-mataro\/wp-json\/wp\/v2\/posts\/4119\/revisions\/4123"}],"wp:attachment":[{"href":"https:\/\/agora.xtec.cat\/ceip-torre-llauder-mataro\/wp-json\/wp\/v2\/media?parent=4119"}],"wp:term":[{"taxonomy":"category","embeddable":true,"href":"https:\/\/agora.xtec.cat\/ceip-torre-llauder-mataro\/wp-json\/wp\/v2\/categories?post=4119"},{"taxonomy":"post_tag","embeddable":true,"href":"https:\/\/agora.xtec.cat\/ceip-torre-llauder-mataro\/wp-json\/wp\/v2\/tags?post=4119"}],"curies":[{"name":"wp","href":"https:\/\/api.w.org\/{rel}","templated":true}]}}