{"id":4082,"date":"2021-01-09T13:43:41","date_gmt":"2021-01-09T12:43:41","guid":{"rendered":"http:\/\/agora.xtec.cat\/ceip-torre-llauder-mataro\/?p=4082"},"modified":"2021-01-09T13:43:41","modified_gmt":"2021-01-09T12:43:41","slug":"experimentacio-llums-i-colors","status":"publish","type":"post","link":"https:\/\/agora.xtec.cat\/ceip-torre-llauder-mataro\/infantil\/experimentacio-llums-i-colors\/","title":{"rendered":"EXPERIMENTACI\u00d3. LLUMS I COLORS"},"content":{"rendered":"<p>Una activitat on hem treballat l&#8217;estimulaci\u00f3 visual i la creativitat. Ha sigut una gran experi\u00e8ncia i les Gegantes han disfrutat ,molt fent-la.<\/p>\n<p><em><strong>AMPOLLA + PAPER MACH\u00c9 + PURPURINA + LLANTERNA = M\u00c0GIA I DIVERSI\u00d3 ASSEGURADA \ud83d\ude01<\/strong><\/em><\/p>\n<p><img loading=\"lazy\" decoding=\"async\" class=\"alignleft\" src=\"https:\/\/lh3.googleusercontent.com\/pw\/ACtC-3dYvj-TZExr81vIS5g76DwJJuWenZ2U3ywQ0B6eWPLeOJ-trw0w6r0eTkLwRY6zksiuZalfd-yPXbcNjhd2J5zS2f803cNVhE0LVMX4crCg72lmf4T10ux9Bt71msneGg-ownmaSlBtO9706tPko_O8=w834-h625-no?authuser=0\" width=\"217\" height=\"163\" \/><\/p>\n<p><a href=\"https:\/\/photos.app.goo.gl\/BVmYJ7yuSj5NZoXr7\"><strong>VEURE FOTOS<\/strong><\/a><\/p>\n","protected":false},"excerpt":{"rendered":"<p>Una activitat on hem treballat l&#8217;estimulaci\u00f3 visual i la creativitat. Ha sigut una gran experi\u00e8ncia i les Gegantes han disfrutat ,molt fent-la.<br \/>\nAMPOLLA + PAPER MACH\u00c9 + PURPURINA + LLANTERNA = M\u00c0GIA I DIVERSI\u00d3 ASSEGURADA \ud83d\ude01<\/p>\n<p><a href=\"https:\/\/photos.app.goo.gl\/BVmYJ7yuSj5NZoXr7\">VEURE FOTOS<\/a><\/p>\n","protected":false},"author":21,"featured_media":0,"comment_status":"open","ping_status":"closed","sticky":false,"template":"","format":"standard","meta":{"_bbp_topic_count":0,"_bbp_reply_count":0,"_bbp_total_topic_count":0,"_bbp_total_reply_count":0,"_bbp_voice_count":0,"_bbp_anonymous_reply_count":0,"_bbp_topic_count_hidden":0,"_bbp_reply_count_hidden":0,"_bbp_forum_subforum_count":0,"footnotes":""},"categories":[83,2],"tags":[],"class_list":["post-4082","post","type-post","status-publish","format-standard","hentry","category-i3","category-infantil"],"post_mailing_queue_ids":[],"_links":{"self":[{"href":"https:\/\/agora.xtec.cat\/ceip-torre-llauder-mataro\/wp-json\/wp\/v2\/posts\/4082","targetHints":{"allow":["GET"]}}],"collection":[{"href":"https:\/\/agora.xtec.cat\/ceip-torre-llauder-mataro\/wp-json\/wp\/v2\/posts"}],"about":[{"href":"https:\/\/agora.xtec.cat\/ceip-torre-llauder-mataro\/wp-json\/wp\/v2\/types\/post"}],"author":[{"embeddable":true,"href":"https:\/\/agora.xtec.cat\/ceip-torre-llauder-mataro\/wp-json\/wp\/v2\/users\/21"}],"replies":[{"embeddable":true,"href":"https:\/\/agora.xtec.cat\/ceip-torre-llauder-mataro\/wp-json\/wp\/v2\/comments?post=4082"}],"version-history":[{"count":1,"href":"https:\/\/agora.xtec.cat\/ceip-torre-llauder-mataro\/wp-json\/wp\/v2\/posts\/4082\/revisions"}],"predecessor-version":[{"id":4083,"href":"https:\/\/agora.xtec.cat\/ceip-torre-llauder-mataro\/wp-json\/wp\/v2\/posts\/4082\/revisions\/4083"}],"wp:attachment":[{"href":"https:\/\/agora.xtec.cat\/ceip-torre-llauder-mataro\/wp-json\/wp\/v2\/media?parent=4082"}],"wp:term":[{"taxonomy":"category","embeddable":true,"href":"https:\/\/agora.xtec.cat\/ceip-torre-llauder-mataro\/wp-json\/wp\/v2\/categories?post=4082"},{"taxonomy":"post_tag","embeddable":true,"href":"https:\/\/agora.xtec.cat\/ceip-torre-llauder-mataro\/wp-json\/wp\/v2\/tags?post=4082"}],"curies":[{"name":"wp","href":"https:\/\/api.w.org\/{rel}","templated":true}]}}