{"id":4079,"date":"2021-01-09T13:28:44","date_gmt":"2021-01-09T12:28:44","guid":{"rendered":"http:\/\/agora.xtec.cat\/ceip-torre-llauder-mataro\/?p=4079"},"modified":"2021-01-09T13:31:10","modified_gmt":"2021-01-09T12:31:10","slug":"experimentacio-plantem-a-lhort","status":"publish","type":"post","link":"https:\/\/agora.xtec.cat\/ceip-torre-llauder-mataro\/infantil\/experimentacio-plantem-a-lhort\/","title":{"rendered":"EXPERIMENTACI\u00d3.PLANTEM A L&#8217;HORT"},"content":{"rendered":"<p>Ja fa dies, abans d&#8217;acabar el 1r trimestre, ens vam aventurar a plantar 4 enciams a l&#8217;hort.<\/p>\n<p>Primer vam treure les males herbes, vam remenar la terra, vam tocar les seves textures, i un cop la terra estava preparada, vam plantar els enciams.<\/p>\n<p>Va ser una experi\u00e8ncia de car\u00e0cter molt sensorial per apropar la natura als m\u00e9s petits de l&#8217;escola.<\/p>\n<p><img loading=\"lazy\" decoding=\"async\" class=\"alignleft\" src=\"https:\/\/lh3.googleusercontent.com\/pw\/ACtC-3dkTDDl3hnZnwb0Px0gWwGuOWHdI6m_vy386k9ygGh7JAFZFWPXv30Xx9NhhTmN5Q4mh0NQj1L6RIWoZUijyHDcTobMJdXFmV8Ba0TcFg785T3o1tUQGtpxC3cGMLO52NRAxAlI9skXCjeYGbkr1N7V=w834-h625-no?authuser=0\" width=\"236\" height=\"177\" \/>\u00a0 \u00a0<a href=\"https:\/\/photos.app.goo.gl\/anKTifXPKS9rne9A9\"><strong>VEURE FOTOS<\/strong><\/a><\/p>\n","protected":false},"excerpt":{"rendered":"<p>Ja fa dies, abans d&#8217;acabar el 1r trimestre, ens vam aventurar a plantar 4 enciams a l&#8217;hort.<br \/>\nPrimer vam treure les males herbes, vam remenar la terra, vam tocar les seves textures, i un cop la terra estava preparada, vam plantar els enciams.<br \/>\nVa ser una experi\u00e8ncia&hellip;  <a href=\"https:\/\/agora.xtec.cat\/ceip-torre-llauder-mataro\/infantil\/experimentacio-plantem-a-lhort\/\" title=\"Read EXPERIMENTACI\u00d3.PLANTEM A L&#8217;HORT\">Llegeix m\u00e9s\u00bb<\/a><\/p>\n","protected":false},"author":21,"featured_media":0,"comment_status":"open","ping_status":"closed","sticky":false,"template":"","format":"standard","meta":{"_bbp_topic_count":0,"_bbp_reply_count":0,"_bbp_total_topic_count":0,"_bbp_total_reply_count":0,"_bbp_voice_count":0,"_bbp_anonymous_reply_count":0,"_bbp_topic_count_hidden":0,"_bbp_reply_count_hidden":0,"_bbp_forum_subforum_count":0,"footnotes":""},"categories":[83,2],"tags":[],"class_list":["post-4079","post","type-post","status-publish","format-standard","hentry","category-i3","category-infantil"],"post_mailing_queue_ids":[],"_links":{"self":[{"href":"https:\/\/agora.xtec.cat\/ceip-torre-llauder-mataro\/wp-json\/wp\/v2\/posts\/4079","targetHints":{"allow":["GET"]}}],"collection":[{"href":"https:\/\/agora.xtec.cat\/ceip-torre-llauder-mataro\/wp-json\/wp\/v2\/posts"}],"about":[{"href":"https:\/\/agora.xtec.cat\/ceip-torre-llauder-mataro\/wp-json\/wp\/v2\/types\/post"}],"author":[{"embeddable":true,"href":"https:\/\/agora.xtec.cat\/ceip-torre-llauder-mataro\/wp-json\/wp\/v2\/users\/21"}],"replies":[{"embeddable":true,"href":"https:\/\/agora.xtec.cat\/ceip-torre-llauder-mataro\/wp-json\/wp\/v2\/comments?post=4079"}],"version-history":[{"count":2,"href":"https:\/\/agora.xtec.cat\/ceip-torre-llauder-mataro\/wp-json\/wp\/v2\/posts\/4079\/revisions"}],"predecessor-version":[{"id":4081,"href":"https:\/\/agora.xtec.cat\/ceip-torre-llauder-mataro\/wp-json\/wp\/v2\/posts\/4079\/revisions\/4081"}],"wp:attachment":[{"href":"https:\/\/agora.xtec.cat\/ceip-torre-llauder-mataro\/wp-json\/wp\/v2\/media?parent=4079"}],"wp:term":[{"taxonomy":"category","embeddable":true,"href":"https:\/\/agora.xtec.cat\/ceip-torre-llauder-mataro\/wp-json\/wp\/v2\/categories?post=4079"},{"taxonomy":"post_tag","embeddable":true,"href":"https:\/\/agora.xtec.cat\/ceip-torre-llauder-mataro\/wp-json\/wp\/v2\/tags?post=4079"}],"curies":[{"name":"wp","href":"https:\/\/api.w.org\/{rel}","templated":true}]}}