{"id":4075,"date":"2021-01-05T12:49:10","date_gmt":"2021-01-05T11:49:10","guid":{"rendered":"http:\/\/agora.xtec.cat\/ceip-torre-llauder-mataro\/?p=4075"},"modified":"2021-01-05T12:49:10","modified_gmt":"2021-01-05T11:49:10","slug":"experimentacio-p4-2","status":"publish","type":"post","link":"https:\/\/agora.xtec.cat\/ceip-torre-llauder-mataro\/infantil\/experimentacio-p4-2\/","title":{"rendered":"Experimentaci\u00f3 P4"},"content":{"rendered":"<p>Durant el primer trimestre, els nens i nenes de p4 han fet moltes sessions d&#8217;experimentaci\u00f3 i han gaudit molt, per\u00f2 no hem pogut fer fotos a totes les sessions. Tot i aix\u00ed, aqu\u00ed us deixem algunes imatges amb el tast individual de les fruites de tardor i l&#8217;estampaci\u00f3 amb aquestes fruites.<\/p>\n<p><a href=\"https:\/\/photos.app.goo.gl\/EPnKytnCXcmxcy1d8\">Experimentaci\u00f3 tardor<\/a><\/p>\n","protected":false},"excerpt":{"rendered":"<p>Durant el primer trimestre, els nens i nenes de p4 han fet moltes sessions d&#8217;experimentaci\u00f3 i han gaudit molt, per\u00f2 no hem pogut fer fotos a totes les sessions. Tot i aix\u00ed, aqu\u00ed us deixem algunes imatges amb el tast individual de les fruites de&hellip;  <a href=\"https:\/\/agora.xtec.cat\/ceip-torre-llauder-mataro\/infantil\/experimentacio-p4-2\/\" title=\"Read Experimentaci\u00f3 P4\">Llegeix m\u00e9s\u00bb<\/a><\/p>\n","protected":false},"author":7,"featured_media":0,"comment_status":"open","ping_status":"closed","sticky":false,"template":"","format":"standard","meta":{"_bbp_topic_count":0,"_bbp_reply_count":0,"_bbp_total_topic_count":0,"_bbp_total_reply_count":0,"_bbp_voice_count":0,"_bbp_anonymous_reply_count":0,"_bbp_topic_count_hidden":0,"_bbp_reply_count_hidden":0,"_bbp_forum_subforum_count":0,"footnotes":""},"categories":[3,2],"tags":[],"class_list":["post-4075","post","type-post","status-publish","format-standard","hentry","category-i4","category-infantil"],"post_mailing_queue_ids":[],"_links":{"self":[{"href":"https:\/\/agora.xtec.cat\/ceip-torre-llauder-mataro\/wp-json\/wp\/v2\/posts\/4075","targetHints":{"allow":["GET"]}}],"collection":[{"href":"https:\/\/agora.xtec.cat\/ceip-torre-llauder-mataro\/wp-json\/wp\/v2\/posts"}],"about":[{"href":"https:\/\/agora.xtec.cat\/ceip-torre-llauder-mataro\/wp-json\/wp\/v2\/types\/post"}],"author":[{"embeddable":true,"href":"https:\/\/agora.xtec.cat\/ceip-torre-llauder-mataro\/wp-json\/wp\/v2\/users\/7"}],"replies":[{"embeddable":true,"href":"https:\/\/agora.xtec.cat\/ceip-torre-llauder-mataro\/wp-json\/wp\/v2\/comments?post=4075"}],"version-history":[{"count":1,"href":"https:\/\/agora.xtec.cat\/ceip-torre-llauder-mataro\/wp-json\/wp\/v2\/posts\/4075\/revisions"}],"predecessor-version":[{"id":4076,"href":"https:\/\/agora.xtec.cat\/ceip-torre-llauder-mataro\/wp-json\/wp\/v2\/posts\/4075\/revisions\/4076"}],"wp:attachment":[{"href":"https:\/\/agora.xtec.cat\/ceip-torre-llauder-mataro\/wp-json\/wp\/v2\/media?parent=4075"}],"wp:term":[{"taxonomy":"category","embeddable":true,"href":"https:\/\/agora.xtec.cat\/ceip-torre-llauder-mataro\/wp-json\/wp\/v2\/categories?post=4075"},{"taxonomy":"post_tag","embeddable":true,"href":"https:\/\/agora.xtec.cat\/ceip-torre-llauder-mataro\/wp-json\/wp\/v2\/tags?post=4075"}],"curies":[{"name":"wp","href":"https:\/\/api.w.org\/{rel}","templated":true}]}}