{"id":4057,"date":"2020-12-20T17:45:02","date_gmt":"2020-12-20T16:45:02","guid":{"rendered":"http:\/\/agora.xtec.cat\/ceip-torre-llauder-mataro\/?p=4057"},"modified":"2020-12-20T17:45:02","modified_gmt":"2020-12-20T16:45:02","slug":"viatgem-pel-nostre-sistema-solar","status":"publish","type":"post","link":"https:\/\/agora.xtec.cat\/ceip-torre-llauder-mataro\/primaria\/viatgem-pel-nostre-sistema-solar\/","title":{"rendered":"Viatgem pel nostre sistema solar"},"content":{"rendered":"<p>Durant les \u00faltimes setmanes d\u2019aquest primer trimestre els nens i les nenes de segon hem investigat sobre el nostre sistema solar: els planetes, la lluna, els moviments de la Terra, &#8230; fins i tot hem creat el nostre propi univers! Ens ho hem passat d\u2019all\u00f2 m\u00e9s b\u00e9.<\/p>\n<p>Si voleu veure com hem treballat de valent podeu clicar a sobre de la seg\u00fcent imatge.<\/p>\n<p><a href=\"https:\/\/photos.app.goo.gl\/pznFCcDTyGh4T7xS9\"><img loading=\"lazy\" decoding=\"async\" class=\"wp-image-4058 aligncenter\" src=\"https:\/\/agora.xtec.cat\/ceip-torre-llauder-mataro\/wp-content\/uploads\/usu1425\/2020\/12\/FONS-SISTEMA.jpg\" alt=\"\" width=\"306\" height=\"203\" srcset=\"https:\/\/agora.xtec.cat\/ceip-torre-llauder-mataro\/wp-content\/uploads\/usu1425\/2020\/12\/FONS-SISTEMA.jpg 921w, https:\/\/agora.xtec.cat\/ceip-torre-llauder-mataro\/wp-content\/uploads\/usu1425\/2020\/12\/FONS-SISTEMA-300x199.jpg 300w, https:\/\/agora.xtec.cat\/ceip-torre-llauder-mataro\/wp-content\/uploads\/usu1425\/2020\/12\/FONS-SISTEMA-768x509.jpg 768w\" sizes=\"auto, (max-width: 306px) 100vw, 306px\" \/><\/a><\/p>\n","protected":false},"excerpt":{"rendered":"<p>Durant les \u00faltimes setmanes d\u2019aquest primer trimestre els nens i les nenes de segon hem investigat sobre el nostre sistema solar: els planetes, la lluna, els moviments de la Terra, &#8230; fins i tot hem creat el nostre propi univers! Ens ho hem passat d\u2019all\u00f2&hellip;  <a href=\"https:\/\/agora.xtec.cat\/ceip-torre-llauder-mataro\/primaria\/viatgem-pel-nostre-sistema-solar\/\" title=\"Read Viatgem pel nostre sistema solar\">Llegeix m\u00e9s\u00bb<\/a><\/p>\n","protected":false},"author":1,"featured_media":4058,"comment_status":"open","ping_status":"closed","sticky":false,"template":"","format":"standard","meta":{"_bbp_topic_count":0,"_bbp_reply_count":0,"_bbp_total_topic_count":0,"_bbp_total_reply_count":0,"_bbp_voice_count":0,"_bbp_anonymous_reply_count":0,"_bbp_topic_count_hidden":0,"_bbp_reply_count_hidden":0,"_bbp_forum_subforum_count":0,"footnotes":""},"categories":[10,5],"tags":[],"class_list":["post-4057","post","type-post","status-publish","format-standard","has-post-thumbnail","hentry","category-2n","category-primaria"],"post_mailing_queue_ids":[],"_links":{"self":[{"href":"https:\/\/agora.xtec.cat\/ceip-torre-llauder-mataro\/wp-json\/wp\/v2\/posts\/4057","targetHints":{"allow":["GET"]}}],"collection":[{"href":"https:\/\/agora.xtec.cat\/ceip-torre-llauder-mataro\/wp-json\/wp\/v2\/posts"}],"about":[{"href":"https:\/\/agora.xtec.cat\/ceip-torre-llauder-mataro\/wp-json\/wp\/v2\/types\/post"}],"author":[{"embeddable":true,"href":"https:\/\/agora.xtec.cat\/ceip-torre-llauder-mataro\/wp-json\/wp\/v2\/users\/1"}],"replies":[{"embeddable":true,"href":"https:\/\/agora.xtec.cat\/ceip-torre-llauder-mataro\/wp-json\/wp\/v2\/comments?post=4057"}],"version-history":[{"count":3,"href":"https:\/\/agora.xtec.cat\/ceip-torre-llauder-mataro\/wp-json\/wp\/v2\/posts\/4057\/revisions"}],"predecessor-version":[{"id":4062,"href":"https:\/\/agora.xtec.cat\/ceip-torre-llauder-mataro\/wp-json\/wp\/v2\/posts\/4057\/revisions\/4062"}],"wp:featuredmedia":[{"embeddable":true,"href":"https:\/\/agora.xtec.cat\/ceip-torre-llauder-mataro\/wp-json\/wp\/v2\/media\/4058"}],"wp:attachment":[{"href":"https:\/\/agora.xtec.cat\/ceip-torre-llauder-mataro\/wp-json\/wp\/v2\/media?parent=4057"}],"wp:term":[{"taxonomy":"category","embeddable":true,"href":"https:\/\/agora.xtec.cat\/ceip-torre-llauder-mataro\/wp-json\/wp\/v2\/categories?post=4057"},{"taxonomy":"post_tag","embeddable":true,"href":"https:\/\/agora.xtec.cat\/ceip-torre-llauder-mataro\/wp-json\/wp\/v2\/tags?post=4057"}],"curies":[{"name":"wp","href":"https:\/\/api.w.org\/{rel}","templated":true}]}}