{"id":4039,"date":"2020-12-18T14:13:26","date_gmt":"2020-12-18T13:13:26","guid":{"rendered":"http:\/\/agora.xtec.cat\/ceip-torre-llauder-mataro\/?p=4039"},"modified":"2021-01-11T15:36:05","modified_gmt":"2021-01-11T14:36:05","slug":"bon-nadal-i-felic-2021","status":"publish","type":"post","link":"https:\/\/agora.xtec.cat\/ceip-torre-llauder-mataro\/general\/bon-nadal-i-felic-2021\/","title":{"rendered":"BON NADAL I FELI\u00c7 2021!!!!"},"content":{"rendered":"<h5 style=\"text-align: center;\">Benvolgudes fam\u00edlies!<\/h5>\n<h5><\/h5>\n<h5>Ja tenim aqu\u00ed les festes de Nadal i volem desitjar-vos&#8230;<\/h5>\n<h4><\/h4>\n<div>\n<h4><img decoding=\"async\" class=\"aligncenter\" src=\"https:\/\/images.tpvescola.com\/?getfile=3Ugx7p4joyCQ%2BRs3%2BNy0c4DUlazXbNbLLOFOmhOnNw4%3D\" \/><\/h4>\n<h4 style=\"text-align: center;\"><strong>Unes Festes en les\u00a0<\/strong><\/h4>\n<h4 style=\"text-align: center;\"><strong>que gaudiu al m\u00e0xim de cada instant<\/strong><\/h4>\n<h4 style=\"text-align: center;\"><strong>que el regal m\u00e9s preciat sigui compartir<\/strong><\/h4>\n<h4 style=\"text-align: center;\"><strong>que cada nit ens apropi al nostre somni, poder estar junts,<\/strong><\/h4>\n<h4 style=\"text-align: center;\"><strong>sense dist\u00e0ncies&#8230;<\/strong><\/h4>\n<h4><\/h4>\n<h4><\/h4>\n<h6>Trobem a faltar celebrar les festes amb vosaltres, ja ho sabeu&#8230;\u00a0 Per\u00f2 aqu\u00ed us deixem un enlla\u00e7 en el que podreu veure els vostres fills i filles recitant el poema de Nadal i cantant la can\u00e7\u00f3 que han estat aprenent a les aules.<\/h6>\n<h6><\/h6>\n<h6>Desitgem que us agradi!<\/h6>\n<div><\/div>\n<div><\/div>\n<div><a href=\"https:\/\/drive.google.com\/file\/d\/1hNac7M0b_2E4DJ-CU17GOs-lxzjLoKkS\/view?usp=sharing\"><img decoding=\"async\" src=\"https:\/\/images.tpvescola.com\/?getfile=3Ugx7p4joyCQ%2BRs3%2BNy0c8UKfi%2BSzdflEM7QX4ZtU%2F4%3D\" \/><\/a> <a href=\"https:\/\/drive.google.com\/file\/d\/1sSWm6PJOuRFFVPB5xP7jB9uDYz8CPyuO\/view?usp=sharing\" target=\"_blank\" rel=\"noopener noreferrer\"><img loading=\"lazy\" decoding=\"async\" class=\"alignnone wp-image-4048 size-full\" src=\"https:\/\/agora.xtec.cat\/ceip-torre-llauder-mataro\/wp-content\/uploads\/usu1425\/2020\/12\/P4.jpg\" alt=\"\" width=\"263\" height=\"186\" \/><\/a> <a href=\"https:\/\/drive.google.com\/file\/d\/1wbnPipATyr5f2SkF0StOVizHoVgZj0-p\/view?usp=sharing\" target=\"_blank\" rel=\"noopener noreferrer\"><img loading=\"lazy\" decoding=\"async\" class=\"alignnone wp-image-4049 size-full\" src=\"https:\/\/agora.xtec.cat\/ceip-torre-llauder-mataro\/wp-content\/uploads\/usu1425\/2020\/12\/P5.jpg\" alt=\"\" width=\"263\" height=\"186\" \/><\/a> <a href=\"https:\/\/drive.google.com\/file\/d\/1BQqvqwdZq0-dJarm10sUjbB7-EigmCut\/view?usp=sharing\" target=\"_blank\" rel=\"noopener noreferrer\"><img loading=\"lazy\" decoding=\"async\" class=\"alignnone wp-image-4040 size-full\" src=\"https:\/\/agora.xtec.cat\/ceip-torre-llauder-mataro\/wp-content\/uploads\/usu1425\/2020\/12\/1r.jpg\" alt=\"\" width=\"263\" height=\"186\" \/><\/a> <a href=\"https:\/\/drive.google.com\/file\/d\/1AMUppZDV1ns0YG1rSyk76CjS3iCs93r-\/view?usp=sharing\" target=\"_blank\" rel=\"noopener noreferrer\"><img loading=\"lazy\" decoding=\"async\" class=\"alignnone wp-image-4041 size-full\" src=\"https:\/\/agora.xtec.cat\/ceip-torre-llauder-mataro\/wp-content\/uploads\/usu1425\/2020\/12\/2n.jpg\" alt=\"\" width=\"263\" height=\"186\" \/><\/a> <a href=\"https:\/\/drive.google.com\/file\/d\/1DqKzAsZEzznJJ_6F_hHdSDehKbhx9-4x\/view?usp=sharing\" target=\"_blank\" rel=\"noopener noreferrer\"><img loading=\"lazy\" decoding=\"async\" class=\"alignnone wp-image-4042 size-full\" src=\"https:\/\/agora.xtec.cat\/ceip-torre-llauder-mataro\/wp-content\/uploads\/usu1425\/2020\/12\/3r.jpg\" alt=\"\" width=\"263\" height=\"186\" \/><\/a> <a href=\"https:\/\/drive.google.com\/file\/d\/1ZIhvbtqxDoKMjYHEKE_kL6VhrCDqIo75\/view?usp=sharing\" target=\"_blank\" rel=\"noopener noreferrer\"><img loading=\"lazy\" decoding=\"async\" class=\"alignnone wp-image-4043 size-full\" src=\"https:\/\/agora.xtec.cat\/ceip-torre-llauder-mataro\/wp-content\/uploads\/usu1425\/2020\/12\/4t-A.jpg\" alt=\"\" width=\"263\" height=\"186\" \/><\/a> <a href=\"https:\/\/drive.google.com\/file\/d\/1EFMXZK7oYs0_9FlPmVLXdWpF8IuvCQpZ\/view?usp=sharing\" target=\"_blank\" rel=\"noopener noreferrer\"><img loading=\"lazy\" decoding=\"async\" class=\"alignnone wp-image-4044 size-thumbnail\" src=\"https:\/\/agora.xtec.cat\/ceip-torre-llauder-mataro\/wp-content\/uploads\/usu1425\/2020\/12\/4t-B-150x150.jpg\" alt=\"\" width=\"150\" height=\"150\" \/><\/a> <a href=\"https:\/\/drive.google.com\/file\/d\/1jGAmI9ecA9UKwxz720EJSHpxJQ0onyxz\/view?usp=sharing\" target=\"_blank\" rel=\"noopener noreferrer\"><img loading=\"lazy\" decoding=\"async\" class=\"alignnone wp-image-4045 size-thumbnail\" src=\"https:\/\/agora.xtec.cat\/ceip-torre-llauder-mataro\/wp-content\/uploads\/usu1425\/2020\/12\/5\u00e8-A-150x150.jpg\" alt=\"\" width=\"150\" height=\"150\" \/><\/a> <a href=\"https:\/\/drive.google.com\/file\/d\/1iKl3IB0OxevxUzB7P5Yog3S2sDs4G2C4\/view?usp=sharing\" target=\"_blank\" rel=\"noopener noreferrer\"><img loading=\"lazy\" decoding=\"async\" class=\"alignnone wp-image-4046 size-thumbnail\" src=\"https:\/\/agora.xtec.cat\/ceip-torre-llauder-mataro\/wp-content\/uploads\/usu1425\/2020\/12\/5\u00e8-B-150x150.jpg\" alt=\"\" width=\"150\" height=\"150\" \/><\/a> <a href=\"https:\/\/drive.google.com\/file\/d\/1y2Bm9jjRU2qKpL6eFvSwJO2hguQg3dJ4\/view?usp=sharing\" target=\"_blank\" rel=\"noopener noreferrer\"><img loading=\"lazy\" decoding=\"async\" class=\"alignnone wp-image-4047 size-thumbnail\" src=\"https:\/\/agora.xtec.cat\/ceip-torre-llauder-mataro\/wp-content\/uploads\/usu1425\/2020\/12\/6\u00e8-150x150.jpg\" alt=\"\" width=\"150\" height=\"150\" \/><\/a><\/div>\n<\/div>\n<div>\n<div><a href=\"https:\/\/drive.google.com\/file\/d\/1hNac7M0b_2E4DJ-CU17GOs-lxzjLoKkS\/view?usp=sharing\">\u00a0<\/a><\/div>\n<div><\/div>\n<h6>I&#8230; abans de dir-vos BON NADAL I FINS L&#8217;ANY VINENT&#8230;\u00a0Us presentem la nostra felicitaci\u00f3 de Nadal!<\/h6>\n<h6><\/h6>\n<div>\n<p><a href=\"https:\/\/drive.google.com\/file\/d\/1fHy9mfEDCLBXVXWYICgA48IRf-mjCNYt\/view?usp=sharing\" target=\"_blank\" rel=\"noopener noreferrer\"><img loading=\"lazy\" decoding=\"async\" class=\"aligncenter\" src=\"https:\/\/images.tpvescola.com\/?getfile=3Ugx7p4joyCQ%2BRs3%2BNy0c5bNSIVgVzq%2FXu3rMnFDkNM%3D\" alt=\"\" width=\"366\" height=\"258\" \/><\/a><\/p>\n<div><\/div>\n<\/div>\n<div><\/div>\n<div>Ara s\u00ed! Esperem que gaudiu al m\u00e0xim d&#8217;aquests dies i trobeu la f\u00f3rmula per compartir al m\u00e0xim les vostres il\u00b7lusions!<\/div>\n<div>\n<div><\/div>\n<div>L&#8217;EQUIP DE MESTRES<\/div>\n<\/div>\n<\/div>\n<h6><\/h6>\n","protected":false},"excerpt":{"rendered":"<p>Aqu\u00ed us deixem un enlla\u00e7 en el que podreu veure els vostres fills i filles recitant el poema de Nadal i cantant la can\u00e7\u00f3 que han estat aprenent a les aules.&hellip;  <a href=\"https:\/\/agora.xtec.cat\/ceip-torre-llauder-mataro\/general\/bon-nadal-i-felic-2021\/\" title=\"Read BON NADAL I FELI\u00c7 2021!!!!\">Llegeix m\u00e9s\u00bb<\/a><\/p>\n","protected":false},"author":19,"featured_media":4106,"comment_status":"open","ping_status":"closed","sticky":false,"template":"","format":"standard","meta":{"_bbp_topic_count":0,"_bbp_reply_count":0,"_bbp_total_topic_count":0,"_bbp_total_reply_count":0,"_bbp_voice_count":0,"_bbp_anonymous_reply_count":0,"_bbp_topic_count_hidden":0,"_bbp_reply_count_hidden":0,"_bbp_forum_subforum_count":0,"footnotes":""},"categories":[1,4],"tags":[],"class_list":["post-4039","post","type-post","status-publish","format-standard","has-post-thumbnail","hentry","category-general","category-portada"],"post_mailing_queue_ids":[],"_links":{"self":[{"href":"https:\/\/agora.xtec.cat\/ceip-torre-llauder-mataro\/wp-json\/wp\/v2\/posts\/4039","targetHints":{"allow":["GET"]}}],"collection":[{"href":"https:\/\/agora.xtec.cat\/ceip-torre-llauder-mataro\/wp-json\/wp\/v2\/posts"}],"about":[{"href":"https:\/\/agora.xtec.cat\/ceip-torre-llauder-mataro\/wp-json\/wp\/v2\/types\/post"}],"author":[{"embeddable":true,"href":"https:\/\/agora.xtec.cat\/ceip-torre-llauder-mataro\/wp-json\/wp\/v2\/users\/19"}],"replies":[{"embeddable":true,"href":"https:\/\/agora.xtec.cat\/ceip-torre-llauder-mataro\/wp-json\/wp\/v2\/comments?post=4039"}],"version-history":[{"count":4,"href":"https:\/\/agora.xtec.cat\/ceip-torre-llauder-mataro\/wp-json\/wp\/v2\/posts\/4039\/revisions"}],"predecessor-version":[{"id":4107,"href":"https:\/\/agora.xtec.cat\/ceip-torre-llauder-mataro\/wp-json\/wp\/v2\/posts\/4039\/revisions\/4107"}],"wp:featuredmedia":[{"embeddable":true,"href":"https:\/\/agora.xtec.cat\/ceip-torre-llauder-mataro\/wp-json\/wp\/v2\/media\/4106"}],"wp:attachment":[{"href":"https:\/\/agora.xtec.cat\/ceip-torre-llauder-mataro\/wp-json\/wp\/v2\/media?parent=4039"}],"wp:term":[{"taxonomy":"category","embeddable":true,"href":"https:\/\/agora.xtec.cat\/ceip-torre-llauder-mataro\/wp-json\/wp\/v2\/categories?post=4039"},{"taxonomy":"post_tag","embeddable":true,"href":"https:\/\/agora.xtec.cat\/ceip-torre-llauder-mataro\/wp-json\/wp\/v2\/tags?post=4039"}],"curies":[{"name":"wp","href":"https:\/\/api.w.org\/{rel}","templated":true}]}}