{"id":3782,"date":"2020-11-16T20:03:22","date_gmt":"2020-11-16T19:03:22","guid":{"rendered":"http:\/\/agora.xtec.cat\/ceip-torre-llauder-mataro\/?p=3782"},"modified":"2020-11-16T20:03:22","modified_gmt":"2020-11-16T19:03:22","slug":"psicomotricitat-p5","status":"publish","type":"post","link":"https:\/\/agora.xtec.cat\/ceip-torre-llauder-mataro\/infantil\/i5\/psicomotricitat-p5\/","title":{"rendered":"PSICOMOTRICITAT P5"},"content":{"rendered":"<p style=\"text-align: left;\">Aquest curs hem estrenat aula de psicomotricitat, aprofitem aquest espai per desenvolupar tota una s\u00e8rie d&#8217;activitats que milloren l&#8217;expressi\u00f3 corporal i, en general, la part motriu dels infants, variant les propostes presentades i el material a utilitzar. El moviment \u00e9s b\u00e0sic pel desenvolupament dels nens i nenes, per\u00f2 \u00e9s que, a m\u00e9s a m\u00e9s, gaudeixen molt\u00edssim de les sessions.<\/p>\n<p>Aqu\u00ed podeu veure un tastet de <a href=\"https:\/\/photos.app.goo.gl\/pBt64AdHtnnt6JAXA\">PSICO P5<\/a><\/p>\n","protected":false},"excerpt":{"rendered":"<p>Aquest curs hem estrenat aula de psicomotricitat, aprofitem aquest espai per desenvolupar tota una s\u00e8rie d&#8217;activitats que milloren l&#8217;expressi\u00f3 corporal i, en general, la part motriu dels infants, variant les propostes presentades i el material a utilitzar. El moviment \u00e9s b\u00e0sic pel desenvolupament dels nens&hellip;  <a href=\"https:\/\/agora.xtec.cat\/ceip-torre-llauder-mataro\/infantil\/i5\/psicomotricitat-p5\/\" title=\"Read PSICOMOTRICITAT P5\">Llegeix m\u00e9s\u00bb<\/a><\/p>\n","protected":false},"author":21,"featured_media":0,"comment_status":"open","ping_status":"closed","sticky":false,"template":"","format":"standard","meta":{"_bbp_topic_count":0,"_bbp_reply_count":0,"_bbp_total_topic_count":0,"_bbp_total_reply_count":0,"_bbp_voice_count":0,"_bbp_anonymous_reply_count":0,"_bbp_topic_count_hidden":0,"_bbp_reply_count_hidden":0,"_bbp_forum_subforum_count":0,"footnotes":""},"categories":[8],"tags":[],"class_list":["post-3782","post","type-post","status-publish","format-standard","hentry","category-i5"],"post_mailing_queue_ids":[],"_links":{"self":[{"href":"https:\/\/agora.xtec.cat\/ceip-torre-llauder-mataro\/wp-json\/wp\/v2\/posts\/3782","targetHints":{"allow":["GET"]}}],"collection":[{"href":"https:\/\/agora.xtec.cat\/ceip-torre-llauder-mataro\/wp-json\/wp\/v2\/posts"}],"about":[{"href":"https:\/\/agora.xtec.cat\/ceip-torre-llauder-mataro\/wp-json\/wp\/v2\/types\/post"}],"author":[{"embeddable":true,"href":"https:\/\/agora.xtec.cat\/ceip-torre-llauder-mataro\/wp-json\/wp\/v2\/users\/21"}],"replies":[{"embeddable":true,"href":"https:\/\/agora.xtec.cat\/ceip-torre-llauder-mataro\/wp-json\/wp\/v2\/comments?post=3782"}],"version-history":[{"count":3,"href":"https:\/\/agora.xtec.cat\/ceip-torre-llauder-mataro\/wp-json\/wp\/v2\/posts\/3782\/revisions"}],"predecessor-version":[{"id":3785,"href":"https:\/\/agora.xtec.cat\/ceip-torre-llauder-mataro\/wp-json\/wp\/v2\/posts\/3782\/revisions\/3785"}],"wp:attachment":[{"href":"https:\/\/agora.xtec.cat\/ceip-torre-llauder-mataro\/wp-json\/wp\/v2\/media?parent=3782"}],"wp:term":[{"taxonomy":"category","embeddable":true,"href":"https:\/\/agora.xtec.cat\/ceip-torre-llauder-mataro\/wp-json\/wp\/v2\/categories?post=3782"},{"taxonomy":"post_tag","embeddable":true,"href":"https:\/\/agora.xtec.cat\/ceip-torre-llauder-mataro\/wp-json\/wp\/v2\/tags?post=3782"}],"curies":[{"name":"wp","href":"https:\/\/api.w.org\/{rel}","templated":true}]}}