{"id":3754,"date":"2020-11-15T19:00:08","date_gmt":"2020-11-15T18:00:08","guid":{"rendered":"http:\/\/agora.xtec.cat\/ceip-torre-llauder-mataro\/?p=3754"},"modified":"2021-02-08T12:30:11","modified_gmt":"2021-02-08T11:30:11","slug":"guia-de-la-biblioteca","status":"publish","type":"post","link":"https:\/\/agora.xtec.cat\/ceip-torre-llauder-mataro\/biblioteca\/guia-de-la-biblioteca\/","title":{"rendered":"GUIA DE LA BIBLIOTECA"},"content":{"rendered":"<p><span style=\"text-decoration: underline;\"><b>GUIA DE LA BIBLIOTECA<\/b><\/span><\/p>\n<p><b>LA BIBLIOTECA EN HORARI ESCOLAR<\/b><\/p>\n<p><span style=\"font-weight: 400;\">Durant l\u2019horari escolar la biblioteca vol ser un suport al treball que es fa a les aules, oferint materials i espais per continuar aprenent.<\/span><\/p>\n<p><span style=\"font-weight: 400;\">Tots els cursos tenen dins del seu horari escolar, una franja on van amb el seu grup flexible (mig grup) a la biblioteca Boleret.<\/span><\/p>\n<ul>\n<li><span style=\"font-weight: 400;\"> Horari: de 9h a 15:30 h<\/span><\/li>\n<li><span style=\"font-weight: 400;\"> Animaci\u00f3 a la lectura<\/span><\/li>\n<li><span style=\"font-weight: 400;\"> Pr\u00e9stec de materials per a l\u2019aula i alumnes.<\/span><\/li>\n<li><span style=\"font-weight: 400;\"> Servei de pr\u00e9stec un dia a la setmana a l\u2019hora del pati (de 11h a 11:30h) pels alumnes de 1r a 6\u00e8.<\/span><\/li>\n<li><span style=\"font-weight: 400;\"> Espai de consulta i de lectura, i \u00fas dels ordinadors per fer cerques d\u2019informaci\u00f3.<\/span><\/li>\n<\/ul>\n<p><b>ESPAIS DE LA BIBLIOTECA<\/b><\/p>\n<ul>\n<li style=\"font-weight: 400;\"><span style=\"font-weight: 400;\">Zona d\u2019atenci\u00f3 a l\u2019usuari, \u00e9s l\u2019espai destinat al pr\u00e9stec, a la informaci\u00f3 de l\u2019usuari i a altres tasques que porten a terme el personal de la biblioteca.\u00a0<\/span><\/li>\n<li style=\"font-weight: 400;\"><span style=\"font-weight: 400;\">Zona de treball pels alumnes de cicle mitj\u00e0 i superior,\u00a0 situada al mig de la biblioteca, t\u00e9 4 taules movibles amb capacitat per a 24 persones.<\/span><\/li>\n<\/ul>\n<p><span style=\"font-weight: 400;\">A cada costat hi ha les prestatgeries que contenen el materials de coneixements i i d\u2019imaginaci\u00f3 organitzats per cicles.\u00a0<\/span><\/p>\n<ul>\n<li style=\"font-weight: 400;\"><span style=\"font-weight: 400;\">Zona infantil. Espai amb el mobiliari m\u00e9s petit, disposa de 4 taules per a 8 nens\/es i una catifa per poder seure al terra amb coixins.\u00a0<\/span><\/li>\n<li style=\"font-weight: 400;\"><span style=\"font-weight: 400;\">Zona d\u2019expositors. Abans d\u2019entrar a la biblioteca (a m\u00e0 dreta) hi ha tres expositors que serveixen per a les recomanacions setmanals.\u00a0\u00a0<\/span><\/li>\n<\/ul>\n<p><a href=\"https:\/\/agora.xtec.cat\/ceip-torre-llauder-mataro\/wp-content\/uploads\/usu1425\/2020\/11\/Mapa-biblio-2020-11-15-185731.png\"><img loading=\"lazy\" decoding=\"async\" class=\"size-full wp-image-3756 aligncenter\" src=\"https:\/\/agora.xtec.cat\/ceip-torre-llauder-mataro\/wp-content\/uploads\/usu1425\/2020\/11\/Mapa-biblio-2020-11-15-185731.png\" alt=\"\" width=\"416\" height=\"303\" srcset=\"https:\/\/agora.xtec.cat\/ceip-torre-llauder-mataro\/wp-content\/uploads\/usu1425\/2020\/11\/Mapa-biblio-2020-11-15-185731.png 416w, https:\/\/agora.xtec.cat\/ceip-torre-llauder-mataro\/wp-content\/uploads\/usu1425\/2020\/11\/Mapa-biblio-2020-11-15-185731-300x219.png 300w\" sizes=\"auto, (max-width: 416px) 100vw, 416px\" \/><\/a><\/p>\n<p><b>ORGANITZACI\u00d3 DEL FONS BIBLIOGR\u00c0FIC<\/b><\/p>\n<p><span style=\"font-weight: 400;\">El nostra fons est\u00e0 dividit en document de<\/span><b> Coneixement i d\u2019Imaginaci\u00f3.<\/b><\/p>\n<p><b>Els de coneixement <\/b><span style=\"font-weight: 400;\">\u00a0estan classificats segons la CDU:<\/span><\/p>\n<p><span style=\"font-weight: 400;\">0 Obres generals 1 Filosofia 2 Religi\u00f3 3 Ci\u00e8ncies socials 4 Llengua 5 Ci\u00e8ncies pures. Ci\u00e8ncies naturals 6 Ci\u00e8ncies aplicades 7 Arts. Jocs. Esports 8 Literatura 9 Hist\u00f2ria. Geografia<\/span><\/p>\n<p><span style=\"font-weight: 400;\">Els <\/span><b>d\u2019imaginaci\u00f3 (llibres de ficci\u00f3) <\/b><span style=\"font-weight: 400;\">estan classificats\u00a0 segons la seg\u00fcent CDU<\/span><b>:<\/b><\/p>\n<p><span style=\"font-weight: 400;\">I Contes de 3 a 6 anys<\/span><\/p>\n<p><span style=\"font-weight: 400;\">I* Contes de 6 a 8 anys<\/span><\/p>\n<p><span style=\"font-weight: 400;\">I** Contes i novel\u00b7les de 8 a 10 anys<\/span><\/p>\n<p><span style=\"font-weight: 400;\">I*** Contes i novel\u00b7les de 10 a 12 anys<\/span><\/p>\n<p><span style=\"font-weight: 400;\">JN Novel\u00b7la juvenil (a partir de 12 anys)<\/span><\/p>\n<p><span style=\"font-weight: 400;\">IC C\u00f2mics<\/span><\/p>\n<p><span style=\"font-weight: 400;\">IP Poesia<\/span><\/p>\n<p><span style=\"font-weight: 400;\">IT Teatre<\/span><\/p>\n<p><span style=\"font-weight: 400;\">Revistes infantils<\/span><\/p>\n<p><b>NORMES DE FUNCIONAMENT<\/b><\/p>\n<ul>\n<li style=\"font-weight: 400;\"><span style=\"font-weight: 400;\">A la biblioteca s\u2019hi ha d\u2019estar en silenci i\/o parlar en veu baixa.<\/span><\/li>\n<li style=\"font-weight: 400;\"><span style=\"font-weight: 400;\">Els llibres i material que hi ha a la biblioteca, s\u2019han de tractar amb cura.<\/span><\/li>\n<li style=\"font-weight: 400;\"><span style=\"font-weight: 400;\">Deixar els documents consultats a les capses assignades i les persones encarregades els posaran al seu lloc.<\/span><\/li>\n<li style=\"font-weight: 400;\"><span style=\"font-weight: 400;\">Respectar les dates de retorn dels pr\u00e9stec (14 dies).<\/span><\/li>\n<\/ul>\n","protected":false},"excerpt":{"rendered":"<p>GUIA DE LA BIBLIOTECA<br \/>\nLA BIBLIOTECA EN HORARI ESCOLAR<br \/>\nDurant l\u2019horari escolar la biblioteca vol ser un suport al treball que es fa a les aules, oferint materials i espais per continuar aprenent.<br \/>\nTots els cursos tenen dins del seu horari escolar, una franja on van amb el&hellip;  <a href=\"https:\/\/agora.xtec.cat\/ceip-torre-llauder-mataro\/biblioteca\/guia-de-la-biblioteca\/\" title=\"Read GUIA DE LA BIBLIOTECA\">Llegeix m\u00e9s\u00bb<\/a><\/p>\n","protected":false},"author":1,"featured_media":0,"comment_status":"open","ping_status":"closed","sticky":false,"template":"","format":"standard","meta":{"_bbp_topic_count":0,"_bbp_reply_count":0,"_bbp_total_topic_count":0,"_bbp_total_reply_count":0,"_bbp_voice_count":0,"_bbp_anonymous_reply_count":0,"_bbp_topic_count_hidden":0,"_bbp_reply_count_hidden":0,"_bbp_forum_subforum_count":0,"footnotes":""},"categories":[154,157],"tags":[],"class_list":["post-3754","post","type-post","status-publish","format-standard","hentry","category-biblioteca","category-guia-de-la-biblioteca"],"post_mailing_queue_ids":[],"_links":{"self":[{"href":"https:\/\/agora.xtec.cat\/ceip-torre-llauder-mataro\/wp-json\/wp\/v2\/posts\/3754","targetHints":{"allow":["GET"]}}],"collection":[{"href":"https:\/\/agora.xtec.cat\/ceip-torre-llauder-mataro\/wp-json\/wp\/v2\/posts"}],"about":[{"href":"https:\/\/agora.xtec.cat\/ceip-torre-llauder-mataro\/wp-json\/wp\/v2\/types\/post"}],"author":[{"embeddable":true,"href":"https:\/\/agora.xtec.cat\/ceip-torre-llauder-mataro\/wp-json\/wp\/v2\/users\/1"}],"replies":[{"embeddable":true,"href":"https:\/\/agora.xtec.cat\/ceip-torre-llauder-mataro\/wp-json\/wp\/v2\/comments?post=3754"}],"version-history":[{"count":3,"href":"https:\/\/agora.xtec.cat\/ceip-torre-llauder-mataro\/wp-json\/wp\/v2\/posts\/3754\/revisions"}],"predecessor-version":[{"id":4207,"href":"https:\/\/agora.xtec.cat\/ceip-torre-llauder-mataro\/wp-json\/wp\/v2\/posts\/3754\/revisions\/4207"}],"wp:attachment":[{"href":"https:\/\/agora.xtec.cat\/ceip-torre-llauder-mataro\/wp-json\/wp\/v2\/media?parent=3754"}],"wp:term":[{"taxonomy":"category","embeddable":true,"href":"https:\/\/agora.xtec.cat\/ceip-torre-llauder-mataro\/wp-json\/wp\/v2\/categories?post=3754"},{"taxonomy":"post_tag","embeddable":true,"href":"https:\/\/agora.xtec.cat\/ceip-torre-llauder-mataro\/wp-json\/wp\/v2\/tags?post=3754"}],"curies":[{"name":"wp","href":"https:\/\/api.w.org\/{rel}","templated":true}]}}