{"id":3733,"date":"2020-12-01T12:34:53","date_gmt":"2020-12-01T11:34:53","guid":{"rendered":"http:\/\/agora.xtec.cat\/ceip-torre-llauder-mataro\/?p=3733"},"modified":"2020-12-01T12:37:26","modified_gmt":"2020-12-01T11:37:26","slug":"desdoblament-de-matematiques-p5","status":"publish","type":"post","link":"https:\/\/agora.xtec.cat\/ceip-torre-llauder-mataro\/general\/desdoblament-de-matematiques-p5\/","title":{"rendered":"DESDOBLAMENT de MATEM\u00c0TIQUES P5"},"content":{"rendered":"<p>Les matem\u00e0tiques s\u00f3n molt divertides!! Aqu\u00ed podeu veure v\u00e0ries sessions de desdoblament on, amb mig grup, es treballen diferents conceptes matem\u00e0tics (formes, colors, numeraci\u00f3, l\u00f2gica, seriacions, operacions, distribuci\u00f3 espacial&#8230;). Teniu a continuaci\u00f3 dos enlla\u00e7os, clicant sobre la primera imatge veureu una sessi\u00f3 de racons matem\u00e0tics, una de jocs amb daus, la de confegir formes geom\u00e8triques amb pals de polo i la reproducci\u00f3 d&#8217;un quadre de Kandinsky (ple de formes geom\u00e8triques, l\u00ednies rectes i corbes, obertes i tancades), i en la segona, la caseta dels nombres.<\/p>\n<table style=\"height: 330px;\" width=\"698\">\n<tbody>\n<tr>\n<td style=\"width: 345px; text-align: center;\"><a href=\"https:\/\/photos.app.goo.gl\/89twL56nWmwdZC7X7\"><img loading=\"lazy\" decoding=\"async\" class=\"wp-image-3736 aligncenter\" src=\"https:\/\/agora.xtec.cat\/ceip-torre-llauder-mataro\/wp-content\/uploads\/usu1425\/2020\/11\/IMATGE-DESD-X-BLOC.png\" alt=\"\" width=\"234\" height=\"280\" srcset=\"https:\/\/agora.xtec.cat\/ceip-torre-llauder-mataro\/wp-content\/uploads\/usu1425\/2020\/11\/IMATGE-DESD-X-BLOC.png 289w, https:\/\/agora.xtec.cat\/ceip-torre-llauder-mataro\/wp-content\/uploads\/usu1425\/2020\/11\/IMATGE-DESD-X-BLOC-251x300.png 251w\" sizes=\"auto, (max-width: 234px) 100vw, 234px\" \/><\/a><\/td>\n<td style=\"width: 345px;\"><a style=\"color: #2795b6;\" href=\"https:\/\/photos.app.goo.gl\/Ji5sTZRTToHUscEGA\"><img loading=\"lazy\" decoding=\"async\" class=\"wp-image-3903 alignnone aligncenter\" src=\"https:\/\/agora.xtec.cat\/ceip-torre-llauder-mataro\/wp-content\/uploads\/usu1425\/2020\/12\/DESD-CASETA-NOMBRES.png\" alt=\"\" width=\"249\" height=\"297\" srcset=\"https:\/\/agora.xtec.cat\/ceip-torre-llauder-mataro\/wp-content\/uploads\/usu1425\/2020\/12\/DESD-CASETA-NOMBRES.png 342w, https:\/\/agora.xtec.cat\/ceip-torre-llauder-mataro\/wp-content\/uploads\/usu1425\/2020\/12\/DESD-CASETA-NOMBRES-252x300.png 252w\" sizes=\"auto, (max-width: 249px) 100vw, 249px\" \/><\/a><\/td>\n<\/tr>\n<\/tbody>\n<\/table>\n<p>&nbsp;<\/p>\n","protected":false},"excerpt":{"rendered":"<p>Les matem\u00e0tiques s\u00f3n molt divertides!! Aqu\u00ed podeu veure v\u00e0ries sessions de desdoblament on, amb mig grup, es treballen diferents conceptes matem\u00e0tics (formes, colors, numeraci\u00f3, l\u00f2gica, seriacions, operacions, distribuci\u00f3 espacial&#8230;). Teniu a continuaci\u00f3 dos enlla\u00e7os, clicant sobre la primera imatge veureu una sessi\u00f3 de racons matem\u00e0tics,&hellip;  <a href=\"https:\/\/agora.xtec.cat\/ceip-torre-llauder-mataro\/general\/desdoblament-de-matematiques-p5\/\" title=\"Read DESDOBLAMENT de MATEM\u00c0TIQUES P5\">Llegeix m\u00e9s\u00bb<\/a><\/p>\n","protected":false},"author":21,"featured_media":0,"comment_status":"open","ping_status":"closed","sticky":false,"template":"","format":"standard","meta":{"_bbp_topic_count":0,"_bbp_reply_count":0,"_bbp_total_topic_count":0,"_bbp_total_reply_count":0,"_bbp_voice_count":0,"_bbp_anonymous_reply_count":0,"_bbp_topic_count_hidden":0,"_bbp_reply_count_hidden":0,"_bbp_forum_subforum_count":0,"footnotes":""},"categories":[1,8],"tags":[],"class_list":["post-3733","post","type-post","status-publish","format-standard","hentry","category-general","category-i5"],"post_mailing_queue_ids":[],"_links":{"self":[{"href":"https:\/\/agora.xtec.cat\/ceip-torre-llauder-mataro\/wp-json\/wp\/v2\/posts\/3733","targetHints":{"allow":["GET"]}}],"collection":[{"href":"https:\/\/agora.xtec.cat\/ceip-torre-llauder-mataro\/wp-json\/wp\/v2\/posts"}],"about":[{"href":"https:\/\/agora.xtec.cat\/ceip-torre-llauder-mataro\/wp-json\/wp\/v2\/types\/post"}],"author":[{"embeddable":true,"href":"https:\/\/agora.xtec.cat\/ceip-torre-llauder-mataro\/wp-json\/wp\/v2\/users\/21"}],"replies":[{"embeddable":true,"href":"https:\/\/agora.xtec.cat\/ceip-torre-llauder-mataro\/wp-json\/wp\/v2\/comments?post=3733"}],"version-history":[{"count":4,"href":"https:\/\/agora.xtec.cat\/ceip-torre-llauder-mataro\/wp-json\/wp\/v2\/posts\/3733\/revisions"}],"predecessor-version":[{"id":3910,"href":"https:\/\/agora.xtec.cat\/ceip-torre-llauder-mataro\/wp-json\/wp\/v2\/posts\/3733\/revisions\/3910"}],"wp:attachment":[{"href":"https:\/\/agora.xtec.cat\/ceip-torre-llauder-mataro\/wp-json\/wp\/v2\/media?parent=3733"}],"wp:term":[{"taxonomy":"category","embeddable":true,"href":"https:\/\/agora.xtec.cat\/ceip-torre-llauder-mataro\/wp-json\/wp\/v2\/categories?post=3733"},{"taxonomy":"post_tag","embeddable":true,"href":"https:\/\/agora.xtec.cat\/ceip-torre-llauder-mataro\/wp-json\/wp\/v2\/tags?post=3733"}],"curies":[{"name":"wp","href":"https:\/\/api.w.org\/{rel}","templated":true}]}}