{"id":3715,"date":"2020-11-06T11:43:53","date_gmt":"2020-11-06T10:43:53","guid":{"rendered":"http:\/\/agora.xtec.cat\/ceip-torre-llauder-mataro\/?p=3715"},"modified":"2020-11-06T11:43:53","modified_gmt":"2020-11-06T10:43:53","slug":"desdoblament-de-matematiques","status":"publish","type":"post","link":"https:\/\/agora.xtec.cat\/ceip-torre-llauder-mataro\/infantil\/desdoblament-de-matematiques\/","title":{"rendered":"DESDOBLAMENT DE MATEM\u00c0TIQUES"},"content":{"rendered":"<p>En aquest art\u00edcle us anirem ensenyant algunes de les activitats que fem en refer\u00e8ncia al que treballem al desdoblament de matem\u00e0tiques.<\/p>\n<p>Comencem a treballar el nombre 1 i ho fem de diferents maneres, amb diverses activitats i materials, per a que sigui tot m\u00e9s vivencial per a ells.<\/p>\n<p><strong>CLICA AL N\u00daMERO 1 PER A VEURE LES FOTOS<\/strong><a href=\"https:\/\/photos.app.goo.gl\/t6XewA4XL5dJvg5dA\"><img loading=\"lazy\" decoding=\"async\" class=\"alignleft\" src=\"https:\/\/lh3.googleusercontent.com\/proxy\/_auYHOLZgVMTTg6c_wRJiRcdWzHbycMIf9Oemy6LGQV5cNhPv21d-UudbPkTdX-M99CfrB3q82tAmfksQabnZJNUHBiLu3KuEkNfUkdJyHw-2xLw_g\" alt=\"1 | Educa en el Aire\" width=\"386\" height=\"302\" \/><\/a><\/p>\n<p>&nbsp;<\/p>\n<p>&nbsp;<\/p>\n<p>&nbsp;<\/p>\n<p>&nbsp;<\/p>\n<p>&nbsp;<\/p>\n<p>&nbsp;<\/p>\n<p>&nbsp;<\/p>\n<p><em><strong>A CADA CONCEPTE QUE INTRODUIM A L&#8217;AULA HI POSAREM UNA IMATGE I NOM\u00c9S HAUREU DE CLICAR SOBRE D&#8217;ELLA PER ACCEDIR A LES FOTOS \ud83d\ude09<\/strong><\/em><\/p>\n","protected":false},"excerpt":{"rendered":"<p>En aquest art\u00edcle us anirem ensenyant algunes de les activitats que fem en refer\u00e8ncia al que treballem al desdoblament de matem\u00e0tiques.<br \/>\nComencem a treballar el nombre 1 i ho fem de diferents maneres, amb diverses activitats i materials, per a que sigui tot m\u00e9s vivencial per&hellip;  <a href=\"https:\/\/agora.xtec.cat\/ceip-torre-llauder-mataro\/infantil\/desdoblament-de-matematiques\/\" title=\"Read DESDOBLAMENT DE MATEM\u00c0TIQUES\">Llegeix m\u00e9s\u00bb<\/a><\/p>\n","protected":false},"author":21,"featured_media":0,"comment_status":"open","ping_status":"closed","sticky":false,"template":"","format":"standard","meta":{"_bbp_topic_count":0,"_bbp_reply_count":0,"_bbp_total_topic_count":0,"_bbp_total_reply_count":0,"_bbp_voice_count":0,"_bbp_anonymous_reply_count":0,"_bbp_topic_count_hidden":0,"_bbp_reply_count_hidden":0,"_bbp_forum_subforum_count":0,"footnotes":""},"categories":[83,2],"tags":[],"class_list":["post-3715","post","type-post","status-publish","format-standard","hentry","category-i3","category-infantil"],"post_mailing_queue_ids":[],"_links":{"self":[{"href":"https:\/\/agora.xtec.cat\/ceip-torre-llauder-mataro\/wp-json\/wp\/v2\/posts\/3715","targetHints":{"allow":["GET"]}}],"collection":[{"href":"https:\/\/agora.xtec.cat\/ceip-torre-llauder-mataro\/wp-json\/wp\/v2\/posts"}],"about":[{"href":"https:\/\/agora.xtec.cat\/ceip-torre-llauder-mataro\/wp-json\/wp\/v2\/types\/post"}],"author":[{"embeddable":true,"href":"https:\/\/agora.xtec.cat\/ceip-torre-llauder-mataro\/wp-json\/wp\/v2\/users\/21"}],"replies":[{"embeddable":true,"href":"https:\/\/agora.xtec.cat\/ceip-torre-llauder-mataro\/wp-json\/wp\/v2\/comments?post=3715"}],"version-history":[{"count":3,"href":"https:\/\/agora.xtec.cat\/ceip-torre-llauder-mataro\/wp-json\/wp\/v2\/posts\/3715\/revisions"}],"predecessor-version":[{"id":3722,"href":"https:\/\/agora.xtec.cat\/ceip-torre-llauder-mataro\/wp-json\/wp\/v2\/posts\/3715\/revisions\/3722"}],"wp:attachment":[{"href":"https:\/\/agora.xtec.cat\/ceip-torre-llauder-mataro\/wp-json\/wp\/v2\/media?parent=3715"}],"wp:term":[{"taxonomy":"category","embeddable":true,"href":"https:\/\/agora.xtec.cat\/ceip-torre-llauder-mataro\/wp-json\/wp\/v2\/categories?post=3715"},{"taxonomy":"post_tag","embeddable":true,"href":"https:\/\/agora.xtec.cat\/ceip-torre-llauder-mataro\/wp-json\/wp\/v2\/tags?post=3715"}],"curies":[{"name":"wp","href":"https:\/\/api.w.org\/{rel}","templated":true}]}}