{"id":3708,"date":"2020-11-03T21:14:07","date_gmt":"2020-11-03T20:14:07","guid":{"rendered":"http:\/\/agora.xtec.cat\/ceip-torre-llauder-mataro\/?p=3708"},"modified":"2021-01-10T00:28:04","modified_gmt":"2021-01-09T23:28:04","slug":"castahalloween-5e","status":"publish","type":"post","link":"https:\/\/agora.xtec.cat\/ceip-torre-llauder-mataro\/general\/castahalloween-5e\/","title":{"rendered":"Castahalloween 5\u00e8"},"content":{"rendered":"<p>Com ja sabeu aquesta setmana passada els alumnes de 5\u00e8 van fer diferents activitats relacionades amb la Castanyada per\u00f2 tamb\u00e9 amb la festivitat de Halloween. \u00c9s per aquest motiu que hem celebrat un CastaHalloween molt divertit!!!!:<\/p>\n<p><a href=\"https:\/\/photos.app.goo.gl\/WS4dH1EgStFsrNp49\" target=\"_blank\" rel=\"noopener noreferrer\">Fotos 5\u00e8 CastaHalloween<\/a><\/p>\n","protected":false},"excerpt":{"rendered":"<p>Com ja sabeu aquesta setmana passada els alumnes de 5\u00e8 van fer diferents activitats relacionades amb la Castanyada per\u00f2 tamb\u00e9 amb la festivitat de Halloween. \u00c9s per aquest motiu que hem celebrat un CastaHalloween molt divertit!!!!:<br \/>\n<a href=\"https:\/\/photos.app.goo.gl\/WS4dH1EgStFsrNp49\" target=\"_blank\" rel=\"noopener noreferrer\">Fotos 5\u00e8 CastaHalloween<\/a><\/p>\n","protected":false},"author":3,"featured_media":0,"comment_status":"open","ping_status":"closed","sticky":false,"template":"","format":"standard","meta":{"_bbp_topic_count":0,"_bbp_reply_count":0,"_bbp_total_topic_count":0,"_bbp_total_reply_count":0,"_bbp_voice_count":0,"_bbp_anonymous_reply_count":0,"_bbp_topic_count_hidden":0,"_bbp_reply_count_hidden":0,"_bbp_forum_subforum_count":0,"footnotes":""},"categories":[13,1,4,5],"tags":[],"class_list":["post-3708","post","type-post","status-publish","format-standard","hentry","category-5e","category-general","category-portada","category-primaria"],"post_mailing_queue_ids":[],"_links":{"self":[{"href":"https:\/\/agora.xtec.cat\/ceip-torre-llauder-mataro\/wp-json\/wp\/v2\/posts\/3708","targetHints":{"allow":["GET"]}}],"collection":[{"href":"https:\/\/agora.xtec.cat\/ceip-torre-llauder-mataro\/wp-json\/wp\/v2\/posts"}],"about":[{"href":"https:\/\/agora.xtec.cat\/ceip-torre-llauder-mataro\/wp-json\/wp\/v2\/types\/post"}],"author":[{"embeddable":true,"href":"https:\/\/agora.xtec.cat\/ceip-torre-llauder-mataro\/wp-json\/wp\/v2\/users\/3"}],"replies":[{"embeddable":true,"href":"https:\/\/agora.xtec.cat\/ceip-torre-llauder-mataro\/wp-json\/wp\/v2\/comments?post=3708"}],"version-history":[{"count":2,"href":"https:\/\/agora.xtec.cat\/ceip-torre-llauder-mataro\/wp-json\/wp\/v2\/posts\/3708\/revisions"}],"predecessor-version":[{"id":4089,"href":"https:\/\/agora.xtec.cat\/ceip-torre-llauder-mataro\/wp-json\/wp\/v2\/posts\/3708\/revisions\/4089"}],"wp:attachment":[{"href":"https:\/\/agora.xtec.cat\/ceip-torre-llauder-mataro\/wp-json\/wp\/v2\/media?parent=3708"}],"wp:term":[{"taxonomy":"category","embeddable":true,"href":"https:\/\/agora.xtec.cat\/ceip-torre-llauder-mataro\/wp-json\/wp\/v2\/categories?post=3708"},{"taxonomy":"post_tag","embeddable":true,"href":"https:\/\/agora.xtec.cat\/ceip-torre-llauder-mataro\/wp-json\/wp\/v2\/tags?post=3708"}],"curies":[{"name":"wp","href":"https:\/\/api.w.org\/{rel}","templated":true}]}}