{"id":3677,"date":"2020-10-31T16:21:17","date_gmt":"2020-10-31T15:21:17","guid":{"rendered":"http:\/\/agora.xtec.cat\/ceip-torre-llauder-mataro\/?p=3677"},"modified":"2020-11-02T20:36:20","modified_gmt":"2020-11-02T19:36:20","slug":"psicomotricitat-2","status":"publish","type":"post","link":"https:\/\/agora.xtec.cat\/ceip-torre-llauder-mataro\/infantil\/psicomotricitat-2\/","title":{"rendered":"PSICOMOTRICITAT"},"content":{"rendered":"<p>Dimecres a la tarda, com ja sabeu fem la psicomotricitat en angl\u00e8s.<\/p>\n<p>Comencem la sessi\u00f3 passant llista tot dient-nos &#8220;Hello&#8221;. Despr\u00e9s cantem i ballem can\u00e7ons en angl\u00e8s, on treballem el fet de saludar, el com ens sentim, i les parts del cos.<\/p>\n<p><iframe loading=\"lazy\" src=\"\/\/www.youtube.com\/embed\/x23rTDl4AMs\" width=\"560\" height=\"314\"><\/iframe><\/p>\n<p><iframe loading=\"lazy\" src=\"\/\/www.youtube.com\/embed\/C3c8fzbsfOE\" width=\"560\" height=\"314\"><\/iframe><\/p>\n<p><iframe loading=\"lazy\" src=\"\/\/www.youtube.com\/embed\/ZanHgPprl-0\" width=\"560\" height=\"314\"><\/iframe><\/p>\n<p>Un cop hem passat llista i hem cantat i ballat en angl\u00e8s, fem un tren i marxem cap a l&#8217;aula de psicomotricitat. All\u00e0 aprenen a treure&#8217;s i posar-se les sabates i col\u00b7locar-les al seu lloc; tamb\u00e9 aprenen a posar-se i treure&#8217;s els mitjons de psico.<\/p>\n<p>Al\u00a0 llarg d&#8217;aquests dies hem fet exercicis de gateig, de rastreig, de saltar, de fer la croqueta, d&#8217;equilibri&#8230;per a veure com estaven a nivell psicomotriu.<\/p>\n<p>En aquest article anirem penjant algunes de les diferents sessions que anirem fent al llarg del 1er trimestre.<\/p>\n<p><strong><a href=\"https:\/\/photos.app.goo.gl\/q3G7CMHgqtqwXJjQ8\">VEURE FOTOS<\/a><\/strong><\/p>\n<p>&nbsp;<\/p>\n<p>&nbsp;<\/p>\n","protected":false},"excerpt":{"rendered":"<p>Dimecres a la tarda, com ja sabeu fem la psicomotricitat en angl\u00e8s.<br \/>\nComencem la sessi\u00f3 passant llista tot dient-nos &#8220;Hello&#8221;. Despr\u00e9s cantem i ballem can\u00e7ons en angl\u00e8s, on treballem el fet de saludar, el com ens sentim, i les parts del cos.<\/p>\n<p>Un cop hem passat llista&hellip;  <a href=\"https:\/\/agora.xtec.cat\/ceip-torre-llauder-mataro\/infantil\/psicomotricitat-2\/\" title=\"Read PSICOMOTRICITAT\">Llegeix m\u00e9s\u00bb<\/a><\/p>\n","protected":false},"author":21,"featured_media":3679,"comment_status":"open","ping_status":"closed","sticky":false,"template":"","format":"standard","meta":{"_bbp_topic_count":0,"_bbp_reply_count":0,"_bbp_total_topic_count":0,"_bbp_total_reply_count":0,"_bbp_voice_count":0,"_bbp_anonymous_reply_count":0,"_bbp_topic_count_hidden":0,"_bbp_reply_count_hidden":0,"_bbp_forum_subforum_count":0,"footnotes":""},"categories":[83,2],"tags":[],"class_list":["post-3677","post","type-post","status-publish","format-standard","has-post-thumbnail","hentry","category-i3","category-infantil"],"post_mailing_queue_ids":[],"_links":{"self":[{"href":"https:\/\/agora.xtec.cat\/ceip-torre-llauder-mataro\/wp-json\/wp\/v2\/posts\/3677","targetHints":{"allow":["GET"]}}],"collection":[{"href":"https:\/\/agora.xtec.cat\/ceip-torre-llauder-mataro\/wp-json\/wp\/v2\/posts"}],"about":[{"href":"https:\/\/agora.xtec.cat\/ceip-torre-llauder-mataro\/wp-json\/wp\/v2\/types\/post"}],"author":[{"embeddable":true,"href":"https:\/\/agora.xtec.cat\/ceip-torre-llauder-mataro\/wp-json\/wp\/v2\/users\/21"}],"replies":[{"embeddable":true,"href":"https:\/\/agora.xtec.cat\/ceip-torre-llauder-mataro\/wp-json\/wp\/v2\/comments?post=3677"}],"version-history":[{"count":4,"href":"https:\/\/agora.xtec.cat\/ceip-torre-llauder-mataro\/wp-json\/wp\/v2\/posts\/3677\/revisions"}],"predecessor-version":[{"id":3702,"href":"https:\/\/agora.xtec.cat\/ceip-torre-llauder-mataro\/wp-json\/wp\/v2\/posts\/3677\/revisions\/3702"}],"wp:featuredmedia":[{"embeddable":true,"href":"https:\/\/agora.xtec.cat\/ceip-torre-llauder-mataro\/wp-json\/wp\/v2\/media\/3679"}],"wp:attachment":[{"href":"https:\/\/agora.xtec.cat\/ceip-torre-llauder-mataro\/wp-json\/wp\/v2\/media?parent=3677"}],"wp:term":[{"taxonomy":"category","embeddable":true,"href":"https:\/\/agora.xtec.cat\/ceip-torre-llauder-mataro\/wp-json\/wp\/v2\/categories?post=3677"},{"taxonomy":"post_tag","embeddable":true,"href":"https:\/\/agora.xtec.cat\/ceip-torre-llauder-mataro\/wp-json\/wp\/v2\/tags?post=3677"}],"curies":[{"name":"wp","href":"https:\/\/api.w.org\/{rel}","templated":true}]}}