{"id":3670,"date":"2020-11-01T21:05:30","date_gmt":"2020-11-01T20:05:30","guid":{"rendered":"http:\/\/agora.xtec.cat\/ceip-torre-llauder-mataro\/?p=3670"},"modified":"2020-11-29T13:38:08","modified_gmt":"2020-11-29T12:38:08","slug":"castanyada-2020","status":"publish","type":"post","link":"https:\/\/agora.xtec.cat\/ceip-torre-llauder-mataro\/general\/castanyada-2020\/","title":{"rendered":"CASTANYADA 2020"},"content":{"rendered":"<p>200Benvolguts i benvolgudes!<\/p>\n<p>Divendres al mat\u00ed vam celebrar a l&#8217;escola la festa de la Castanyada, l&#8217;entrada a la Tardor i la tornada a l&#8217;escola!<\/p>\n<p>Us vam trobar a faltar, fam\u00edlies&#8230;\ud83d\ude44<\/p>\n<p>Per\u00f2 ens hem d&#8217;adaptar a la situaci\u00f3 i gaudir de tot all\u00f2 que s\u00ed podem fer!<\/p>\n<p>Aix\u00ed que els nens i nenes van venir vestits de castanyers i castanyeres, vam poder compartir les seves danses amb alguns dels companys\/es i vam fer un esmorzar &#8220;diferent&#8221; i especial.<\/p>\n<p>Compartim algunes fotografies del dia i el v\u00eddeo de les danses que van ballar els nens i nenes&#8230;<\/p>\n<p>LES MESTRES I ELS MESTRES<\/p>\n<p><a href=\"https:\/\/photos.app.goo.gl\/hqHPFy4Ydh7fPtLUA\" target=\"_blank\" rel=\"noopener noreferrer\"><img loading=\"lazy\" decoding=\"async\" class=\"aligncenter wp-image-3671\" src=\"https:\/\/agora.xtec.cat\/ceip-torre-llauder-mataro\/wp-content\/uploads\/usu1425\/2020\/10\/aaaa.jpg\" alt=\"\" width=\"174\" height=\"246\" srcset=\"https:\/\/agora.xtec.cat\/ceip-torre-llauder-mataro\/wp-content\/uploads\/usu1425\/2020\/10\/aaaa.jpg 629w, https:\/\/agora.xtec.cat\/ceip-torre-llauder-mataro\/wp-content\/uploads\/usu1425\/2020\/10\/aaaa-212x300.jpg 212w\" sizes=\"auto, (max-width: 174px) 100vw, 174px\" \/><\/a><\/p>\n<h4 style=\"text-align: center;\"><a href=\"https:\/\/photos.app.goo.gl\/8ATcRgoDWkUCEwKdA\"><strong>P3 LA CASTANYERA<\/strong><\/a><\/h4>\n<h4 style=\"text-align: center;\"><a href=\"https:\/\/photos.app.goo.gl\/yEDm9EBqucGfW7te8\"><strong>P4 S\u00d3C UN BOLET<\/strong><\/a><\/h4>\n<h4 style=\"text-align: center;\"><a href=\"https:\/\/photos.app.goo.gl\/s3Lvb7JrUZFaSL669\"><strong>P5 LES CASTANYES PETEN, PETEN<\/strong><\/a><\/h4>\n<h4 style=\"text-align: center;\"><a href=\"https:\/\/photos.app.goo.gl\/kHT54pWn8ZL7Awna6\"><strong>P5 &#8220;EL CONTE DE LA CASTANYERA&#8221;<\/strong><\/a><\/h4>\n<h4 style=\"text-align: center;\"><a href=\"https:\/\/photos.app.goo.gl\/ZkMHcHCAFxVe3V6k7\"><strong>1r LA RUMBA DE LES CASTANYES<\/strong><\/a><\/h4>\n<h4 style=\"text-align: center;\"><a href=\"https:\/\/photos.app.goo.gl\/fAhPzZH2kQNjJDzs5\"><strong>2n<\/strong><strong> A LA TARDOR<\/strong><\/a><\/h4>\n<h4 style=\"text-align: center;\"><a href=\"https:\/\/photos.app.goo.gl\/DjnkocQt3qhfaKHZ8\"><strong>3r L&#8217;INDIOT<\/strong><\/a><\/h4>\n<h4 style=\"text-align: center;\"><a href=\"https:\/\/photos.app.goo.gl\/KxNtxFtPTgMZYT8q7\"><strong>4t A EL PATATUF<\/strong><\/a><\/h4>\n<h4 style=\"text-align: center;\"><a href=\"https:\/\/photos.app.goo.gl\/6zDhtv9xU8UjKxyF7\"><strong>4t B EL PATATUF<\/strong><\/a><\/h4>\n<h4 style=\"text-align: center;\"><a href=\"https:\/\/photos.app.goo.gl\/PuNuzpPi9x4FnDwZ8\"><strong>5\u00e8 A BALL DE CASCAVELLS<\/strong><\/a><\/h4>\n<h4 style=\"text-align: center;\"><a href=\"https:\/\/photos.app.goo.gl\/UaFEhiPTqSMbAZBK8\"><strong>5\u00e8 B BALL DE CASCAVELLS<\/strong><\/a><\/h4>\n<h4 style=\"text-align: center;\"><a href=\"https:\/\/photos.app.goo.gl\/aN85LAsCesboeQUt7\"><strong>6\u00e8 DANSA MEDIEVAL<\/strong><\/a><\/h4>\n<h4 style=\"text-align: center;\"><\/h4>\n","protected":false},"excerpt":{"rendered":"<p>200Benvolguts i benvolgudes!<br \/>\nDivendres al mat\u00ed vam celebrar a l&#8217;escola la festa de la Castanyada, l&#8217;entrada a la Tardor i la tornada a l&#8217;escola!<br \/>\nUs vam trobar a faltar, fam\u00edlies&#8230;\ud83d\ude44<br \/>\nPer\u00f2 ens hem d&#8217;adaptar a la situaci\u00f3 i gaudir de tot all\u00f2 que s\u00ed podem fer!<br \/>\nAix\u00ed que els&hellip;  <a href=\"https:\/\/agora.xtec.cat\/ceip-torre-llauder-mataro\/general\/castanyada-2020\/\" title=\"Read CASTANYADA 2020\">Llegeix m\u00e9s\u00bb<\/a><\/p>\n","protected":false},"author":19,"featured_media":2556,"comment_status":"open","ping_status":"closed","sticky":false,"template":"","format":"standard","meta":{"_bbp_topic_count":0,"_bbp_reply_count":0,"_bbp_total_topic_count":0,"_bbp_total_reply_count":0,"_bbp_voice_count":0,"_bbp_anonymous_reply_count":0,"_bbp_topic_count_hidden":0,"_bbp_reply_count_hidden":0,"_bbp_forum_subforum_count":0,"footnotes":""},"categories":[1,4],"tags":[],"class_list":["post-3670","post","type-post","status-publish","format-standard","has-post-thumbnail","hentry","category-general","category-portada"],"post_mailing_queue_ids":[],"_links":{"self":[{"href":"https:\/\/agora.xtec.cat\/ceip-torre-llauder-mataro\/wp-json\/wp\/v2\/posts\/3670","targetHints":{"allow":["GET"]}}],"collection":[{"href":"https:\/\/agora.xtec.cat\/ceip-torre-llauder-mataro\/wp-json\/wp\/v2\/posts"}],"about":[{"href":"https:\/\/agora.xtec.cat\/ceip-torre-llauder-mataro\/wp-json\/wp\/v2\/types\/post"}],"author":[{"embeddable":true,"href":"https:\/\/agora.xtec.cat\/ceip-torre-llauder-mataro\/wp-json\/wp\/v2\/users\/19"}],"replies":[{"embeddable":true,"href":"https:\/\/agora.xtec.cat\/ceip-torre-llauder-mataro\/wp-json\/wp\/v2\/comments?post=3670"}],"version-history":[{"count":4,"href":"https:\/\/agora.xtec.cat\/ceip-torre-llauder-mataro\/wp-json\/wp\/v2\/posts\/3670\/revisions"}],"predecessor-version":[{"id":3896,"href":"https:\/\/agora.xtec.cat\/ceip-torre-llauder-mataro\/wp-json\/wp\/v2\/posts\/3670\/revisions\/3896"}],"wp:featuredmedia":[{"embeddable":true,"href":"https:\/\/agora.xtec.cat\/ceip-torre-llauder-mataro\/wp-json\/wp\/v2\/media\/2556"}],"wp:attachment":[{"href":"https:\/\/agora.xtec.cat\/ceip-torre-llauder-mataro\/wp-json\/wp\/v2\/media?parent=3670"}],"wp:term":[{"taxonomy":"category","embeddable":true,"href":"https:\/\/agora.xtec.cat\/ceip-torre-llauder-mataro\/wp-json\/wp\/v2\/categories?post=3670"},{"taxonomy":"post_tag","embeddable":true,"href":"https:\/\/agora.xtec.cat\/ceip-torre-llauder-mataro\/wp-json\/wp\/v2\/tags?post=3670"}],"curies":[{"name":"wp","href":"https:\/\/api.w.org\/{rel}","templated":true}]}}