{"id":3666,"date":"2020-10-30T11:36:31","date_gmt":"2020-10-30T10:36:31","guid":{"rendered":"http:\/\/agora.xtec.cat\/ceip-torre-llauder-mataro\/?p=3666"},"modified":"2020-10-30T11:36:31","modified_gmt":"2020-10-30T10:36:31","slug":"recepta-de-tardor-p3","status":"publish","type":"post","link":"https:\/\/agora.xtec.cat\/ceip-torre-llauder-mataro\/infantil\/recepta-de-tardor-p3\/","title":{"rendered":"RECEPTA DE TARDOR P3"},"content":{"rendered":"<p>Aquest any est\u00e0 sent una mica diferent, per\u00f2 aqu\u00ed a l&#8217;escola seguim amb les nostres tradicions i no hem volgut perdre l&#8217;oportunitat de compartir amb vosaltres la recepta de la tardor que sempre feiem a l&#8217;aula.<\/p>\n<p><a href=\"https:\/\/drive.google.com\/file\/d\/1WwmvWFA-490fr7j4dCRWLxv4dqjTjD1m\/view?usp=drivesdk\">VEURE VIDEO<\/a><\/p>\n<p>Us convidem a fer-la amb els vostres fills i filles a casa i que passeu una molt bona estona amb fam\u00edlia.<\/p>\n<p>Si us ve de gust, podeu fer alguna foto fent les galetes i enviar-li a la Isa al seu correu iserran7@escolatorrellauder.cat<\/p>\n","protected":false},"excerpt":{"rendered":"<p>Aquest any est\u00e0 sent una mica diferent, per\u00f2 aqu\u00ed a l&#8217;escola seguim amb les nostres tradicions i no hem volgut perdre l&#8217;oportunitat de compartir amb vosaltres la recepta de la tardor que sempre feiem a l&#8217;aula.<br \/>\n<a href=\"https:\/\/drive.google.com\/file\/d\/1WwmvWFA-490fr7j4dCRWLxv4dqjTjD1m\/view?usp=drivesdk\">VEURE VIDEO<\/a><br \/>\nUs convidem a fer-la amb els vostres fills&hellip;  <a href=\"https:\/\/agora.xtec.cat\/ceip-torre-llauder-mataro\/infantil\/recepta-de-tardor-p3\/\" title=\"Read RECEPTA DE TARDOR P3\">Llegeix m\u00e9s\u00bb<\/a><\/p>\n","protected":false},"author":21,"featured_media":0,"comment_status":"open","ping_status":"closed","sticky":false,"template":"","format":"standard","meta":{"_bbp_topic_count":0,"_bbp_reply_count":0,"_bbp_total_topic_count":0,"_bbp_total_reply_count":0,"_bbp_voice_count":0,"_bbp_anonymous_reply_count":0,"_bbp_topic_count_hidden":0,"_bbp_reply_count_hidden":0,"_bbp_forum_subforum_count":0,"footnotes":""},"categories":[83,2],"tags":[],"class_list":["post-3666","post","type-post","status-publish","format-standard","hentry","category-i3","category-infantil"],"post_mailing_queue_ids":[],"_links":{"self":[{"href":"https:\/\/agora.xtec.cat\/ceip-torre-llauder-mataro\/wp-json\/wp\/v2\/posts\/3666","targetHints":{"allow":["GET"]}}],"collection":[{"href":"https:\/\/agora.xtec.cat\/ceip-torre-llauder-mataro\/wp-json\/wp\/v2\/posts"}],"about":[{"href":"https:\/\/agora.xtec.cat\/ceip-torre-llauder-mataro\/wp-json\/wp\/v2\/types\/post"}],"author":[{"embeddable":true,"href":"https:\/\/agora.xtec.cat\/ceip-torre-llauder-mataro\/wp-json\/wp\/v2\/users\/21"}],"replies":[{"embeddable":true,"href":"https:\/\/agora.xtec.cat\/ceip-torre-llauder-mataro\/wp-json\/wp\/v2\/comments?post=3666"}],"version-history":[{"count":1,"href":"https:\/\/agora.xtec.cat\/ceip-torre-llauder-mataro\/wp-json\/wp\/v2\/posts\/3666\/revisions"}],"predecessor-version":[{"id":3667,"href":"https:\/\/agora.xtec.cat\/ceip-torre-llauder-mataro\/wp-json\/wp\/v2\/posts\/3666\/revisions\/3667"}],"wp:attachment":[{"href":"https:\/\/agora.xtec.cat\/ceip-torre-llauder-mataro\/wp-json\/wp\/v2\/media?parent=3666"}],"wp:term":[{"taxonomy":"category","embeddable":true,"href":"https:\/\/agora.xtec.cat\/ceip-torre-llauder-mataro\/wp-json\/wp\/v2\/categories?post=3666"},{"taxonomy":"post_tag","embeddable":true,"href":"https:\/\/agora.xtec.cat\/ceip-torre-llauder-mataro\/wp-json\/wp\/v2\/tags?post=3666"}],"curies":[{"name":"wp","href":"https:\/\/api.w.org\/{rel}","templated":true}]}}