{"id":3663,"date":"2020-10-30T10:19:27","date_gmt":"2020-10-30T09:19:27","guid":{"rendered":"http:\/\/agora.xtec.cat\/ceip-torre-llauder-mataro\/?p=3663"},"modified":"2020-10-30T10:19:27","modified_gmt":"2020-10-30T09:19:27","slug":"recepta-p4","status":"publish","type":"post","link":"https:\/\/agora.xtec.cat\/ceip-torre-llauder-mataro\/infantil\/recepta-p4\/","title":{"rendered":"Recepta P4"},"content":{"rendered":"<p>Com \u00e9s tradici\u00f3 a la nostra escola, cada any tots els nens\/es fan una recepta de tardor, amb tot un treball previ.<\/p>\n<p>Aquest any degut a les circumst\u00e0ncies no s&#8217;ha pogut fer la recepta a l&#8217;escola, per\u00f2 els nens i nenes de P4 us animen a que la feu a casa.<\/p>\n<p>La recepta de P4 s\u00f3n piruletes de xocolata! Estan bon\u00edssimes, aix\u00ed que ens agradaria veure algunes fotos del resultat si us animeu a fer-les.<\/p>\n<p>Aqu\u00ed podeu veure la recepta i el v\u00eddeo especial que us hem preparat!<\/p>\n<p>Bona Castanyada!!!!<\/p>\n<p><a href=\"https:\/\/photos.app.goo.gl\/p7onzTzqZ4uTuXix9\">Recepta i v\u00eddeo<\/a><\/p>\n","protected":false},"excerpt":{"rendered":"<p>Com \u00e9s tradici\u00f3 a la nostra escola, cada any tots els nens\/es fan una recepta de tardor, amb tot un treball previ.<br \/>\nAquest any degut a les circumst\u00e0ncies no s&#8217;ha pogut fer la recepta a l&#8217;escola, per\u00f2 els nens i nenes de P4 us animen a&hellip;  <a href=\"https:\/\/agora.xtec.cat\/ceip-torre-llauder-mataro\/infantil\/recepta-p4\/\" title=\"Read Recepta P4\">Llegeix m\u00e9s\u00bb<\/a><\/p>\n","protected":false},"author":7,"featured_media":0,"comment_status":"open","ping_status":"closed","sticky":false,"template":"","format":"standard","meta":{"_bbp_topic_count":0,"_bbp_reply_count":0,"_bbp_total_topic_count":0,"_bbp_total_reply_count":0,"_bbp_voice_count":0,"_bbp_anonymous_reply_count":0,"_bbp_topic_count_hidden":0,"_bbp_reply_count_hidden":0,"_bbp_forum_subforum_count":0,"footnotes":""},"categories":[3,2],"tags":[],"class_list":["post-3663","post","type-post","status-publish","format-standard","hentry","category-i4","category-infantil"],"post_mailing_queue_ids":[],"_links":{"self":[{"href":"https:\/\/agora.xtec.cat\/ceip-torre-llauder-mataro\/wp-json\/wp\/v2\/posts\/3663","targetHints":{"allow":["GET"]}}],"collection":[{"href":"https:\/\/agora.xtec.cat\/ceip-torre-llauder-mataro\/wp-json\/wp\/v2\/posts"}],"about":[{"href":"https:\/\/agora.xtec.cat\/ceip-torre-llauder-mataro\/wp-json\/wp\/v2\/types\/post"}],"author":[{"embeddable":true,"href":"https:\/\/agora.xtec.cat\/ceip-torre-llauder-mataro\/wp-json\/wp\/v2\/users\/7"}],"replies":[{"embeddable":true,"href":"https:\/\/agora.xtec.cat\/ceip-torre-llauder-mataro\/wp-json\/wp\/v2\/comments?post=3663"}],"version-history":[{"count":1,"href":"https:\/\/agora.xtec.cat\/ceip-torre-llauder-mataro\/wp-json\/wp\/v2\/posts\/3663\/revisions"}],"predecessor-version":[{"id":3664,"href":"https:\/\/agora.xtec.cat\/ceip-torre-llauder-mataro\/wp-json\/wp\/v2\/posts\/3663\/revisions\/3664"}],"wp:attachment":[{"href":"https:\/\/agora.xtec.cat\/ceip-torre-llauder-mataro\/wp-json\/wp\/v2\/media?parent=3663"}],"wp:term":[{"taxonomy":"category","embeddable":true,"href":"https:\/\/agora.xtec.cat\/ceip-torre-llauder-mataro\/wp-json\/wp\/v2\/categories?post=3663"},{"taxonomy":"post_tag","embeddable":true,"href":"https:\/\/agora.xtec.cat\/ceip-torre-llauder-mataro\/wp-json\/wp\/v2\/tags?post=3663"}],"curies":[{"name":"wp","href":"https:\/\/api.w.org\/{rel}","templated":true}]}}