{"id":3661,"date":"2020-10-29T22:55:45","date_gmt":"2020-10-29T21:55:45","guid":{"rendered":"http:\/\/agora.xtec.cat\/ceip-torre-llauder-mataro\/?p=3661"},"modified":"2020-10-29T22:55:45","modified_gmt":"2020-10-29T21:55:45","slug":"p4-el-cos","status":"publish","type":"post","link":"https:\/\/agora.xtec.cat\/ceip-torre-llauder-mataro\/infantil\/p4-el-cos\/","title":{"rendered":"P4 El cos"},"content":{"rendered":"<p>Per prendre consci\u00e8ncia del seu cos, i poder plasmar-ho en paper, el primer de tot \u00e9s con\u00e8ixer totes les parts del cos.<\/p>\n<p>Una de les sessions que han realitzat els nens i nenes de p4 ha sigut dibuixar la silueta d&#8217;un company\/a al terra del pati i despr\u00e9s intentar dibuixar les parts de la cara.<\/p>\n<p>Aqu\u00ed us deixem unes fotos perqu\u00e8 pugueu veure el proc\u00e8s.<\/p>\n<p><a href=\"https:\/\/photos.app.goo.gl\/2LFfHCtS6vATV1wa9\">Fotos cos<\/a><\/p>\n","protected":false},"excerpt":{"rendered":"<p>Per prendre consci\u00e8ncia del seu cos, i poder plasmar-ho en paper, el primer de tot \u00e9s con\u00e8ixer totes les parts del cos.<br \/>\nUna de les sessions que han realitzat els nens i nenes de p4 ha sigut dibuixar la silueta d&#8217;un company\/a al terra del pati&hellip;  <a href=\"https:\/\/agora.xtec.cat\/ceip-torre-llauder-mataro\/infantil\/p4-el-cos\/\" title=\"Read P4 El cos\">Llegeix m\u00e9s\u00bb<\/a><\/p>\n","protected":false},"author":7,"featured_media":0,"comment_status":"open","ping_status":"closed","sticky":false,"template":"","format":"standard","meta":{"_bbp_topic_count":0,"_bbp_reply_count":0,"_bbp_total_topic_count":0,"_bbp_total_reply_count":0,"_bbp_voice_count":0,"_bbp_anonymous_reply_count":0,"_bbp_topic_count_hidden":0,"_bbp_reply_count_hidden":0,"_bbp_forum_subforum_count":0,"footnotes":""},"categories":[3,2],"tags":[],"class_list":["post-3661","post","type-post","status-publish","format-standard","hentry","category-i4","category-infantil"],"post_mailing_queue_ids":[],"_links":{"self":[{"href":"https:\/\/agora.xtec.cat\/ceip-torre-llauder-mataro\/wp-json\/wp\/v2\/posts\/3661","targetHints":{"allow":["GET"]}}],"collection":[{"href":"https:\/\/agora.xtec.cat\/ceip-torre-llauder-mataro\/wp-json\/wp\/v2\/posts"}],"about":[{"href":"https:\/\/agora.xtec.cat\/ceip-torre-llauder-mataro\/wp-json\/wp\/v2\/types\/post"}],"author":[{"embeddable":true,"href":"https:\/\/agora.xtec.cat\/ceip-torre-llauder-mataro\/wp-json\/wp\/v2\/users\/7"}],"replies":[{"embeddable":true,"href":"https:\/\/agora.xtec.cat\/ceip-torre-llauder-mataro\/wp-json\/wp\/v2\/comments?post=3661"}],"version-history":[{"count":1,"href":"https:\/\/agora.xtec.cat\/ceip-torre-llauder-mataro\/wp-json\/wp\/v2\/posts\/3661\/revisions"}],"predecessor-version":[{"id":3662,"href":"https:\/\/agora.xtec.cat\/ceip-torre-llauder-mataro\/wp-json\/wp\/v2\/posts\/3661\/revisions\/3662"}],"wp:attachment":[{"href":"https:\/\/agora.xtec.cat\/ceip-torre-llauder-mataro\/wp-json\/wp\/v2\/media?parent=3661"}],"wp:term":[{"taxonomy":"category","embeddable":true,"href":"https:\/\/agora.xtec.cat\/ceip-torre-llauder-mataro\/wp-json\/wp\/v2\/categories?post=3661"},{"taxonomy":"post_tag","embeddable":true,"href":"https:\/\/agora.xtec.cat\/ceip-torre-llauder-mataro\/wp-json\/wp\/v2\/tags?post=3661"}],"curies":[{"name":"wp","href":"https:\/\/api.w.org\/{rel}","templated":true}]}}