{"id":3657,"date":"2020-10-29T21:20:58","date_gmt":"2020-10-29T20:20:58","guid":{"rendered":"http:\/\/agora.xtec.cat\/ceip-torre-llauder-mataro\/?p=3657"},"modified":"2020-10-29T21:20:58","modified_gmt":"2020-10-29T20:20:58","slug":"la-tardor-2","status":"publish","type":"post","link":"https:\/\/agora.xtec.cat\/ceip-torre-llauder-mataro\/infantil\/la-tardor-2\/","title":{"rendered":"La tardor"},"content":{"rendered":"<p>Ja fa dies que ha comen\u00e7at la tardor i a l&#8217;escola estem fent un munt d&#8217;activitats per a con\u00e8ixer millor aquesta estaci\u00f3 de l&#8217;any: coneixem el paisatge, els fruits, els colors, les can\u00e7ons, dites&#8230; anirem afegint m\u00e9s fotos perqu\u00e8 encara continuem treballant aquest tema!!<\/p>\n<p><a href=\"https:\/\/photos.app.goo.gl\/dYKnTk7FEcMgsoSe9\">Fotos tardor<\/a><\/p>\n","protected":false},"excerpt":{"rendered":"<p>Ja fa dies que ha comen\u00e7at la tardor i a l&#8217;escola estem fent un munt d&#8217;activitats per a con\u00e8ixer millor aquesta estaci\u00f3 de l&#8217;any: coneixem el paisatge, els fruits, els colors, les can\u00e7ons, dites&#8230; anirem afegint m\u00e9s fotos perqu\u00e8 encara continuem treballant aquest tema!!<br \/>\n<a href=\"https:\/\/photos.app.goo.gl\/dYKnTk7FEcMgsoSe9\">Fotos&hellip;  <a href=\"https:\/\/agora.xtec.cat\/ceip-torre-llauder-mataro\/infantil\/la-tardor-2\/\" title=\"Read La tardor\">Llegeix m\u00e9s\u00bb<\/a><\/p>\n","protected":false},"author":12,"featured_media":0,"comment_status":"open","ping_status":"closed","sticky":false,"template":"","format":"standard","meta":{"_bbp_topic_count":0,"_bbp_reply_count":0,"_bbp_total_topic_count":0,"_bbp_total_reply_count":0,"_bbp_voice_count":0,"_bbp_anonymous_reply_count":0,"_bbp_topic_count_hidden":0,"_bbp_reply_count_hidden":0,"_bbp_forum_subforum_count":0,"footnotes":""},"categories":[83,2],"tags":[],"class_list":["post-3657","post","type-post","status-publish","format-standard","hentry","category-i3","category-infantil"],"post_mailing_queue_ids":[],"_links":{"self":[{"href":"https:\/\/agora.xtec.cat\/ceip-torre-llauder-mataro\/wp-json\/wp\/v2\/posts\/3657","targetHints":{"allow":["GET"]}}],"collection":[{"href":"https:\/\/agora.xtec.cat\/ceip-torre-llauder-mataro\/wp-json\/wp\/v2\/posts"}],"about":[{"href":"https:\/\/agora.xtec.cat\/ceip-torre-llauder-mataro\/wp-json\/wp\/v2\/types\/post"}],"author":[{"embeddable":true,"href":"https:\/\/agora.xtec.cat\/ceip-torre-llauder-mataro\/wp-json\/wp\/v2\/users\/12"}],"replies":[{"embeddable":true,"href":"https:\/\/agora.xtec.cat\/ceip-torre-llauder-mataro\/wp-json\/wp\/v2\/comments?post=3657"}],"version-history":[{"count":1,"href":"https:\/\/agora.xtec.cat\/ceip-torre-llauder-mataro\/wp-json\/wp\/v2\/posts\/3657\/revisions"}],"predecessor-version":[{"id":3658,"href":"https:\/\/agora.xtec.cat\/ceip-torre-llauder-mataro\/wp-json\/wp\/v2\/posts\/3657\/revisions\/3658"}],"wp:attachment":[{"href":"https:\/\/agora.xtec.cat\/ceip-torre-llauder-mataro\/wp-json\/wp\/v2\/media?parent=3657"}],"wp:term":[{"taxonomy":"category","embeddable":true,"href":"https:\/\/agora.xtec.cat\/ceip-torre-llauder-mataro\/wp-json\/wp\/v2\/categories?post=3657"},{"taxonomy":"post_tag","embeddable":true,"href":"https:\/\/agora.xtec.cat\/ceip-torre-llauder-mataro\/wp-json\/wp\/v2\/tags?post=3657"}],"curies":[{"name":"wp","href":"https:\/\/api.w.org\/{rel}","templated":true}]}}