{"id":3640,"date":"2020-10-24T12:13:40","date_gmt":"2020-10-24T10:13:40","guid":{"rendered":"http:\/\/agora.xtec.cat\/ceip-torre-llauder-mataro\/?p=3640"},"modified":"2020-10-24T12:13:40","modified_gmt":"2020-10-24T10:13:40","slug":"racons-de-treball","status":"publish","type":"post","link":"https:\/\/agora.xtec.cat\/ceip-torre-llauder-mataro\/infantil\/racons-de-treball\/","title":{"rendered":"RACONS DE TREBALL"},"content":{"rendered":"<p>Com ja sabeu a Infantil treballem amb la metodologia d&#8217;aprenentatge per racons.<\/p>\n<p>Ara que ja ha passat el per\u00edode d&#8217;adaptaci\u00f3, els infants cada cop tenen m\u00e9s ganes d&#8217;aprendre i estan m\u00e9s entusiasmats en con\u00e8ixer nous aprenetatges, hem comen\u00e7at a introduir aspectes m\u00e9s did\u00e0ctics i espec\u00edfics en els racons.<\/p>\n<p>Breument, els racons que tenim a l&#8217;aula s\u00f3n:<\/p>\n<ul>\n<li>RAC\u00d3 DE CONSTRUCCIONS<\/li>\n<li>RAC\u00d3 DE PL\u00c0STICA<\/li>\n<li>RAC\u00d3 D&#8217;EXPERIMENTACI\u00d3<\/li>\n<li>RAC\u00d3 CREATIU<\/li>\n<li>RAC\u00d3 DE LECTURA<\/li>\n<li>RAC\u00d3 DE LES LLETRES<\/li>\n<li>RAC\u00d3 DE MANS FINES<\/li>\n<li>RAC\u00d3 DE DESCOBERTA<\/li>\n<li>RAC\u00d3 DE M\u00daSICA<\/li>\n<li>RAC\u00d3 DEL TRA\u00c7<\/li>\n<li>RAC\u00d3 DE L\u00d2GICA<\/li>\n<li>RAC\u00d3 DE MATEM\u00c0TIQUES<\/li>\n<\/ul>\n<p>En gran part dels racons, es treballa la unitat did\u00e0ctica del moment. Ara estem treballant la U.D de la LA TARDOR.<\/p>\n<p>En aquest art\u00cdcle anirem penjant les fotos dels diferents moments viscuts a l&#8217;aula del treball per racons durant el 1r trimestre.<\/p>\n<p><a href=\"https:\/\/agora.xtec.cat\/ceip-torre-llauder-mataro\/wp-content\/uploads\/usu1425\/2020\/10\/IMG_20200921_152616.jpg\"><img loading=\"lazy\" decoding=\"async\" class=\"size-thumbnail wp-image-3642\" src=\"https:\/\/agora.xtec.cat\/ceip-torre-llauder-mataro\/wp-content\/uploads\/usu1425\/2020\/10\/IMG_20200921_152616-150x150.jpg\" alt=\"\" width=\"150\" height=\"150\" \/><\/a><\/p>\n<p><a href=\"https:\/\/photos.app.goo.gl\/fmuUg4u7cH5tD39r8\"><strong>CLICA AQU\u00cd<\/strong><\/a> per a veure les fotos<\/p>\n","protected":false},"excerpt":{"rendered":"<p>Com ja sabeu a Infantil treballem amb la metodologia d&#8217;aprenentatge per racons.<br \/>\nAra que ja ha passat el per\u00edode d&#8217;adaptaci\u00f3, els infants cada cop tenen m\u00e9s ganes d&#8217;aprendre i estan m\u00e9s entusiasmats en con\u00e8ixer nous aprenetatges, hem comen\u00e7at a introduir aspectes m\u00e9s did\u00e0ctics i espec\u00edfics en&hellip;  <a href=\"https:\/\/agora.xtec.cat\/ceip-torre-llauder-mataro\/infantil\/racons-de-treball\/\" title=\"Read RACONS DE TREBALL\">Llegeix m\u00e9s\u00bb<\/a><\/p>\n","protected":false},"author":21,"featured_media":0,"comment_status":"open","ping_status":"closed","sticky":false,"template":"","format":"standard","meta":{"_bbp_topic_count":0,"_bbp_reply_count":0,"_bbp_total_topic_count":0,"_bbp_total_reply_count":0,"_bbp_voice_count":0,"_bbp_anonymous_reply_count":0,"_bbp_topic_count_hidden":0,"_bbp_reply_count_hidden":0,"_bbp_forum_subforum_count":0,"footnotes":""},"categories":[83,2],"tags":[],"class_list":["post-3640","post","type-post","status-publish","format-standard","hentry","category-i3","category-infantil"],"post_mailing_queue_ids":[],"_links":{"self":[{"href":"https:\/\/agora.xtec.cat\/ceip-torre-llauder-mataro\/wp-json\/wp\/v2\/posts\/3640","targetHints":{"allow":["GET"]}}],"collection":[{"href":"https:\/\/agora.xtec.cat\/ceip-torre-llauder-mataro\/wp-json\/wp\/v2\/posts"}],"about":[{"href":"https:\/\/agora.xtec.cat\/ceip-torre-llauder-mataro\/wp-json\/wp\/v2\/types\/post"}],"author":[{"embeddable":true,"href":"https:\/\/agora.xtec.cat\/ceip-torre-llauder-mataro\/wp-json\/wp\/v2\/users\/21"}],"replies":[{"embeddable":true,"href":"https:\/\/agora.xtec.cat\/ceip-torre-llauder-mataro\/wp-json\/wp\/v2\/comments?post=3640"}],"version-history":[{"count":2,"href":"https:\/\/agora.xtec.cat\/ceip-torre-llauder-mataro\/wp-json\/wp\/v2\/posts\/3640\/revisions"}],"predecessor-version":[{"id":3644,"href":"https:\/\/agora.xtec.cat\/ceip-torre-llauder-mataro\/wp-json\/wp\/v2\/posts\/3640\/revisions\/3644"}],"wp:attachment":[{"href":"https:\/\/agora.xtec.cat\/ceip-torre-llauder-mataro\/wp-json\/wp\/v2\/media?parent=3640"}],"wp:term":[{"taxonomy":"category","embeddable":true,"href":"https:\/\/agora.xtec.cat\/ceip-torre-llauder-mataro\/wp-json\/wp\/v2\/categories?post=3640"},{"taxonomy":"post_tag","embeddable":true,"href":"https:\/\/agora.xtec.cat\/ceip-torre-llauder-mataro\/wp-json\/wp\/v2\/tags?post=3640"}],"curies":[{"name":"wp","href":"https:\/\/api.w.org\/{rel}","templated":true}]}}