{"id":3628,"date":"2020-10-24T11:16:17","date_gmt":"2020-10-24T09:16:17","guid":{"rendered":"http:\/\/agora.xtec.cat\/ceip-torre-llauder-mataro\/?p=3628"},"modified":"2020-10-24T11:56:14","modified_gmt":"2020-10-24T09:56:14","slug":"joc-simbolic-2","status":"publish","type":"post","link":"https:\/\/agora.xtec.cat\/ceip-torre-llauder-mataro\/infantil\/joc-simbolic-2\/","title":{"rendered":"JOC SIMB\u00d2LIC"},"content":{"rendered":"<p>Els divendres aprofitem tota la tarda per a fer Joc Simb\u00f2lic, on els nens disfruten jugant, representant\u00a0 i aprenent coses de la seva vida quotidiana. Aquest any no podem jugar amb P4 i P5, per\u00f2 a la classe de P3 i a la classe de desdoblament ens ho passem d&#8217;all\u00f2 m\u00e9s b\u00e9 amb tots els racons que tenim. Metges, disfresses, restaurant, mercat, caseta, nines, cotxes, circ, perruqueria&#8230;<\/p>\n<p><strong>Juguem?<\/strong><\/p>\n<p><a href=\"https:\/\/agora.xtec.cat\/ceip-torre-llauder-mataro\/wp-content\/uploads\/usu1425\/2020\/10\/IMG_20201023_155809.jpg\"><img loading=\"lazy\" decoding=\"async\" class=\"alignnone wp-image-3632 size-thumbnail\" src=\"https:\/\/agora.xtec.cat\/ceip-torre-llauder-mataro\/wp-content\/uploads\/usu1425\/2020\/10\/IMG_20201023_155809-150x150.jpg\" alt=\"\" width=\"150\" height=\"150\" \/><\/a><\/p>\n<p><a href=\"https:\/\/photos.app.goo.gl\/VKjmutu3pwBqmANUA\"><strong>CLICA AQU\u00cd<\/strong><\/a> per a veure totes les fotos<\/p>\n<div class=\"mceTemp\"><\/div>\n<p>&nbsp;<\/p>\n<p>&nbsp;<\/p>\n","protected":false},"excerpt":{"rendered":"<p>Els divendres aprofitem tota la tarda per a fer Joc Simb\u00f2lic, on els nens disfruten jugant, representant\u00a0 i aprenent coses de la seva vida quotidiana. Aquest any no podem jugar amb P4 i P5, per\u00f2 a la classe de P3 i a la classe de&hellip;  <a href=\"https:\/\/agora.xtec.cat\/ceip-torre-llauder-mataro\/infantil\/joc-simbolic-2\/\" title=\"Read JOC SIMB\u00d2LIC\">Llegeix m\u00e9s\u00bb<\/a><\/p>\n","protected":false},"author":21,"featured_media":0,"comment_status":"open","ping_status":"closed","sticky":false,"template":"","format":"standard","meta":{"_bbp_topic_count":0,"_bbp_reply_count":0,"_bbp_total_topic_count":0,"_bbp_total_reply_count":0,"_bbp_voice_count":0,"_bbp_anonymous_reply_count":0,"_bbp_topic_count_hidden":0,"_bbp_reply_count_hidden":0,"_bbp_forum_subforum_count":0,"footnotes":""},"categories":[83,2],"tags":[],"class_list":["post-3628","post","type-post","status-publish","format-standard","hentry","category-i3","category-infantil"],"post_mailing_queue_ids":[],"_links":{"self":[{"href":"https:\/\/agora.xtec.cat\/ceip-torre-llauder-mataro\/wp-json\/wp\/v2\/posts\/3628","targetHints":{"allow":["GET"]}}],"collection":[{"href":"https:\/\/agora.xtec.cat\/ceip-torre-llauder-mataro\/wp-json\/wp\/v2\/posts"}],"about":[{"href":"https:\/\/agora.xtec.cat\/ceip-torre-llauder-mataro\/wp-json\/wp\/v2\/types\/post"}],"author":[{"embeddable":true,"href":"https:\/\/agora.xtec.cat\/ceip-torre-llauder-mataro\/wp-json\/wp\/v2\/users\/21"}],"replies":[{"embeddable":true,"href":"https:\/\/agora.xtec.cat\/ceip-torre-llauder-mataro\/wp-json\/wp\/v2\/comments?post=3628"}],"version-history":[{"count":3,"href":"https:\/\/agora.xtec.cat\/ceip-torre-llauder-mataro\/wp-json\/wp\/v2\/posts\/3628\/revisions"}],"predecessor-version":[{"id":3639,"href":"https:\/\/agora.xtec.cat\/ceip-torre-llauder-mataro\/wp-json\/wp\/v2\/posts\/3628\/revisions\/3639"}],"wp:attachment":[{"href":"https:\/\/agora.xtec.cat\/ceip-torre-llauder-mataro\/wp-json\/wp\/v2\/media?parent=3628"}],"wp:term":[{"taxonomy":"category","embeddable":true,"href":"https:\/\/agora.xtec.cat\/ceip-torre-llauder-mataro\/wp-json\/wp\/v2\/categories?post=3628"},{"taxonomy":"post_tag","embeddable":true,"href":"https:\/\/agora.xtec.cat\/ceip-torre-llauder-mataro\/wp-json\/wp\/v2\/tags?post=3628"}],"curies":[{"name":"wp","href":"https:\/\/api.w.org\/{rel}","templated":true}]}}