{"id":3624,"date":"2020-10-23T22:20:14","date_gmt":"2020-10-23T20:20:14","guid":{"rendered":"http:\/\/agora.xtec.cat\/ceip-torre-llauder-mataro\/?p=3624"},"modified":"2020-10-23T22:20:14","modified_gmt":"2020-10-23T20:20:14","slug":"la-verema-2","status":"publish","type":"post","link":"https:\/\/agora.xtec.cat\/ceip-torre-llauder-mataro\/infantil\/la-verema-2\/","title":{"rendered":"La verema!"},"content":{"rendered":"<p style=\"text-align: left;\">Hola fam\u00edlies!<\/p>\n<p>Avui hem fet una activitat plena de sensacions i diversi\u00f3!\u00a0 Ahir vam veure un v\u00eddeo que explicava detalladament com es duu a terme tot el proc\u00e9s de la verema desde la collita de ra\u00efm fins a la producci\u00f3 de most i posteriorment del vi.\u00a0 A l&#8217;escola hem volgut fer el most, per\u00f2 tal i com es feia antigament, aixafant el ra\u00efm amb els peus.<\/p>\n<p>\u00c9s curi\u00f3s perqu\u00e8 alguns nens van decidir que no ho farien per\u00f2 avui no s&#8217;han pogut resistir&#8230;pregunteu pregunteu&#8230;i mireu aquestes fotos tan divertides!<\/p>\n<p><a href=\"https:\/\/photos.app.goo.gl\/5XdCP4wi6JReXe4h7\">Fotos verema<\/a><\/p>\n","protected":false},"excerpt":{"rendered":"<p>Hola fam\u00edlies!<br \/>\nAvui hem fet una activitat plena de sensacions i diversi\u00f3!\u00a0 Ahir vam veure un v\u00eddeo que explicava detalladament com es duu a terme tot el proc\u00e9s de la verema desde la collita de ra\u00efm fins a la producci\u00f3 de most i posteriorment del vi.\u00a0&hellip;  <a href=\"https:\/\/agora.xtec.cat\/ceip-torre-llauder-mataro\/infantil\/la-verema-2\/\" title=\"Read La verema!\">Llegeix m\u00e9s\u00bb<\/a><\/p>\n","protected":false},"author":10,"featured_media":0,"comment_status":"open","ping_status":"closed","sticky":false,"template":"","format":"standard","meta":{"_bbp_topic_count":0,"_bbp_reply_count":0,"_bbp_total_topic_count":0,"_bbp_total_reply_count":0,"_bbp_voice_count":0,"_bbp_anonymous_reply_count":0,"_bbp_topic_count_hidden":0,"_bbp_reply_count_hidden":0,"_bbp_forum_subforum_count":0,"footnotes":""},"categories":[8,2],"tags":[],"class_list":["post-3624","post","type-post","status-publish","format-standard","hentry","category-i5","category-infantil"],"post_mailing_queue_ids":[],"_links":{"self":[{"href":"https:\/\/agora.xtec.cat\/ceip-torre-llauder-mataro\/wp-json\/wp\/v2\/posts\/3624","targetHints":{"allow":["GET"]}}],"collection":[{"href":"https:\/\/agora.xtec.cat\/ceip-torre-llauder-mataro\/wp-json\/wp\/v2\/posts"}],"about":[{"href":"https:\/\/agora.xtec.cat\/ceip-torre-llauder-mataro\/wp-json\/wp\/v2\/types\/post"}],"author":[{"embeddable":true,"href":"https:\/\/agora.xtec.cat\/ceip-torre-llauder-mataro\/wp-json\/wp\/v2\/users\/10"}],"replies":[{"embeddable":true,"href":"https:\/\/agora.xtec.cat\/ceip-torre-llauder-mataro\/wp-json\/wp\/v2\/comments?post=3624"}],"version-history":[{"count":1,"href":"https:\/\/agora.xtec.cat\/ceip-torre-llauder-mataro\/wp-json\/wp\/v2\/posts\/3624\/revisions"}],"predecessor-version":[{"id":3626,"href":"https:\/\/agora.xtec.cat\/ceip-torre-llauder-mataro\/wp-json\/wp\/v2\/posts\/3624\/revisions\/3626"}],"wp:attachment":[{"href":"https:\/\/agora.xtec.cat\/ceip-torre-llauder-mataro\/wp-json\/wp\/v2\/media?parent=3624"}],"wp:term":[{"taxonomy":"category","embeddable":true,"href":"https:\/\/agora.xtec.cat\/ceip-torre-llauder-mataro\/wp-json\/wp\/v2\/categories?post=3624"},{"taxonomy":"post_tag","embeddable":true,"href":"https:\/\/agora.xtec.cat\/ceip-torre-llauder-mataro\/wp-json\/wp\/v2\/tags?post=3624"}],"curies":[{"name":"wp","href":"https:\/\/api.w.org\/{rel}","templated":true}]}}