{"id":3613,"date":"2020-10-21T12:58:11","date_gmt":"2020-10-21T10:58:11","guid":{"rendered":"http:\/\/agora.xtec.cat\/ceip-torre-llauder-mataro\/?p=3613"},"modified":"2020-10-24T11:22:01","modified_gmt":"2020-10-24T09:22:01","slug":"cancons-de-tardor","status":"publish","type":"post","link":"https:\/\/agora.xtec.cat\/ceip-torre-llauder-mataro\/infantil\/cancons-de-tardor\/","title":{"rendered":"CAN\u00c7ONS DE TARDOR"},"content":{"rendered":"<p>Aqu\u00ed us deixem les can\u00e7ons que anem cantant a la classe sobre la tardor.<\/p>\n<p>Cantem, ballem i disfrutem \ud83d\ude42<\/p>\n<p><strong>LA RUMBA DE LES CASTANYES<\/strong><\/p>\n<p><iframe loading=\"lazy\" src=\"\/\/www.youtube.com\/embed\/J8c7sWsIOfU\" width=\"560\" height=\"314\"><\/iframe><\/p>\n<p><strong>MARRAMEU TORRA CASTANYES<\/strong><\/p>\n<p><iframe loading=\"lazy\" src=\"\/\/www.youtube.com\/embed\/aU522tdnFAM\" width=\"560\" height=\"314\"><\/iframe><\/p>\n<p><strong>LA CASTANYERA<\/strong><\/p>\n<p><iframe loading=\"lazy\" src=\"\/\/www.youtube.com\/embed\/2cEQwfWi_R4\" width=\"560\" height=\"314\"><\/iframe><\/p>\n<p><strong>M&#8217;AGRADA LA TARDOR<\/strong><\/p>\n<p><iframe loading=\"lazy\" src=\"\/\/www.youtube.com\/embed\/p4JfqcRXidI\" width=\"560\" height=\"314\"><\/iframe><\/p>\n<p><strong>A LA TARDOR<\/strong><\/p>\n<p><iframe loading=\"lazy\" src=\"\/\/www.youtube.com\/embed\/48YTZMHJUgI\" width=\"560\" height=\"314\"><\/iframe><\/p>\n<p><strong>S\u00d3C UN BOLET<\/strong><\/p>\n<p><iframe loading=\"lazy\" src=\"\/\/www.youtube.com\/embed\/Yluk5PXFqgU\" width=\"560\" height=\"314\"><\/iframe><\/p>\n<p><strong>LA TARDOR QUE JO CONEC<\/strong><\/p>\n<p><iframe loading=\"lazy\" src=\"\/\/www.youtube.com\/embed\/ad1CMueEYDE\" width=\"560\" height=\"314\"><\/iframe><\/p>\n<p><strong>CALENDARI DE TARDOR<\/strong><\/p>\n<p><iframe loading=\"lazy\" src=\"\/\/www.youtube.com\/embed\/nx-Fp3HWCIg\" width=\"560\" height=\"314\"><\/iframe><\/p>\n<p><strong>LES CASTANYES PETEN PETEN<\/strong><\/p>\n<p><iframe loading=\"lazy\" src=\"\/\/www.youtube.com\/embed\/j1bHbfRtBKA\" width=\"560\" height=\"314\"><\/iframe><\/p>\n","protected":false},"excerpt":{"rendered":"<p>Aqu\u00ed us deixem les can\u00e7ons que anem cantant a la classe sobre la tardor.<br \/>\nCantem, ballem i disfrutem \ud83d\ude42<br \/>\nLA RUMBA DE LES CASTANYES<\/p>\n<p>MARRAMEU TORRA CASTANYES<\/p>\n<p>LA CASTANYERA<\/p>\n<p>M&#8217;AGRADA LA TARDOR<\/p>\n<p>A LA TARDOR<\/p>\n<p>S\u00d3C UN BOLET<\/p>\n<p>LA TARDOR QUE JO CONEC<\/p>\n<p>CALENDARI DE TARDOR<\/p>\n<p>LES CASTANYES PETEN PETEN<\/p>\n","protected":false},"author":21,"featured_media":3614,"comment_status":"open","ping_status":"closed","sticky":false,"template":"","format":"standard","meta":{"_bbp_topic_count":0,"_bbp_reply_count":0,"_bbp_total_topic_count":0,"_bbp_total_reply_count":0,"_bbp_voice_count":0,"_bbp_anonymous_reply_count":0,"_bbp_topic_count_hidden":0,"_bbp_reply_count_hidden":0,"_bbp_forum_subforum_count":0,"footnotes":""},"categories":[83,2],"tags":[],"class_list":["post-3613","post","type-post","status-publish","format-standard","has-post-thumbnail","hentry","category-i3","category-infantil"],"post_mailing_queue_ids":[],"_links":{"self":[{"href":"https:\/\/agora.xtec.cat\/ceip-torre-llauder-mataro\/wp-json\/wp\/v2\/posts\/3613","targetHints":{"allow":["GET"]}}],"collection":[{"href":"https:\/\/agora.xtec.cat\/ceip-torre-llauder-mataro\/wp-json\/wp\/v2\/posts"}],"about":[{"href":"https:\/\/agora.xtec.cat\/ceip-torre-llauder-mataro\/wp-json\/wp\/v2\/types\/post"}],"author":[{"embeddable":true,"href":"https:\/\/agora.xtec.cat\/ceip-torre-llauder-mataro\/wp-json\/wp\/v2\/users\/21"}],"replies":[{"embeddable":true,"href":"https:\/\/agora.xtec.cat\/ceip-torre-llauder-mataro\/wp-json\/wp\/v2\/comments?post=3613"}],"version-history":[{"count":3,"href":"https:\/\/agora.xtec.cat\/ceip-torre-llauder-mataro\/wp-json\/wp\/v2\/posts\/3613\/revisions"}],"predecessor-version":[{"id":3636,"href":"https:\/\/agora.xtec.cat\/ceip-torre-llauder-mataro\/wp-json\/wp\/v2\/posts\/3613\/revisions\/3636"}],"wp:featuredmedia":[{"embeddable":true,"href":"https:\/\/agora.xtec.cat\/ceip-torre-llauder-mataro\/wp-json\/wp\/v2\/media\/3614"}],"wp:attachment":[{"href":"https:\/\/agora.xtec.cat\/ceip-torre-llauder-mataro\/wp-json\/wp\/v2\/media?parent=3613"}],"wp:term":[{"taxonomy":"category","embeddable":true,"href":"https:\/\/agora.xtec.cat\/ceip-torre-llauder-mataro\/wp-json\/wp\/v2\/categories?post=3613"},{"taxonomy":"post_tag","embeddable":true,"href":"https:\/\/agora.xtec.cat\/ceip-torre-llauder-mataro\/wp-json\/wp\/v2\/tags?post=3613"}],"curies":[{"name":"wp","href":"https:\/\/api.w.org\/{rel}","templated":true}]}}